{"id":660,"date":"2026-04-27T15:22:37","date_gmt":"2026-04-27T13:22:37","guid":{"rendered":"https:\/\/www.chiesadigenova.it\/seminario\/?p=660"},"modified":"2026-04-27T15:22:37","modified_gmt":"2026-04-27T13:22:37","slug":"300-ragazzi-hanno-partecipato-alle-momimpiadi","status":"publish","type":"post","link":"https:\/\/www.chiesadigenova.it\/seminario\/300-ragazzi-hanno-partecipato-alle-momimpiadi\/","title":{"rendered":"300 ragazzi hanno partecipato alle Momimpiadi!"},"content":{"rendered":"<p>\u201cCome un prodigio\u201d \u00e8 stato il tema della 91\u00aa edizione della Giornata chierichetti, le Momimpiadi, svoltasi lo scorso 25 aprile 2026 presso l\u2019Oratorio Don Bosco di Sampierdarena. Pi\u00f9 di 300 ragazzi, insieme ai loro accompagnatori \u2013 compresi molti sacerdoti \u2013 hanno partecipato alla festa diocesana, organizzata come ogni anno dai seminaristi, guidati da don Gabriele Barbieri \u2013 incaricato dall\u2019Arcivescovo di seguire la pastorale dei chierichetti \u2013 e coadiuvati da una squadra di circa trenta persone impegnate nei vari punti gioco. Il \u201cprodigio\u201d, esemplificato dalla sezione aurea raffigurata sulla maglietta di quest\u2019anno, richiama, nelle parole del salmo 138, l\u2019unicit\u00e0 di ogni uomo e di ogni donna agli occhi di Dio: amati, pensati, voluti come un\u2019opera d\u2019arte irripetibile. \u00c8 cos\u00ec che Dio ama, e questa consapevolezza porta a riconoscere la bellezza dell\u2019essere cristiani, capace di riempire il cuore di ardore e di gioia. \u00c8 quanto possono sperimentare i ragazzi che servono all\u2019altare quando sono pi\u00f9 vicini a Ges\u00f9 durante la Messa, accanto ai loro \u201cdon\u201d: questo \u00e8 proprio l\u2019auspicio degli organizzatori. Nel periodo successivo al Covid, questa \u00e8 stata l\u2019edizione numericamente pi\u00f9 partecipata. A rendere ancora pi\u00f9 significativa la giornata \u00e8 stata la presenza di ben 28 gruppi, provenienti sia da singole parrocchie sia da realt\u00e0 unite tra loro (ad esempio parrocchie vicine, con lo stesso parroco o con pochi chierichetti), oltre che da diverse fraternit\u00e0 parrocchiali. Un ulteriore elemento di forte dimensione ecclesiale \u00e8 stata la partecipazione del gruppo dell\u2019Unit\u00e0 Pastorale di Valenza: due dei seminaristi della diocesi di Alessandria che stanno frequentando il seminario a Genova provengono infatti da questa realt\u00e0 e hanno proposto ai loro ragazzi di vivere questa giornata per la prima volta. La gara \u00e8 stata vinta quest\u2019anno ai chierichetti della parrocchia di San Giovanni Battista di Sestri, accompagnati dal viceparroco don Davide Pone; al secondo posto il gruppo della parrocchia di Santa Maria della Cella di Sampierdarena, accompagnato dal parroco don Matteo Firpo; al terzo la parrocchia dei Santi Martino e Benedetto di Pegli, accompagnata dal parroco don Fabrizio Liborio. L\u2019appuntamento \u00e8 ora alle 92\u00aa Momimpiadi, ma anche agli incontri \u201cSamuel\u201d, dedicati ai chierichetti, che il Seminario organizzer\u00e0 nel prossimo anno pastorale.<\/p>\n<p style=\"text-align: right;\">Andrea Ravasi, seminarista<\/p>\n","protected":false},"excerpt":{"rendered":"<p>\u201cCome un prodigio\u201d \u00e8 stato il tema della 91\u00aa edizione della Giornata chierichetti, le Momimpiadi, svoltasi lo scorso 25 aprile 2026 presso l\u2019Oratorio Don Bosco di Sampierdarena. Pi\u00f9 di 300 ragazzi, insieme ai loro accompagnatori \u2013 compresi molti sacerdoti \u2013 hanno partecipato alla festa diocesana, organizzata come ogni anno dai seminaristi, guidati da don Gabriele [&hellip;]<\/p>\n","protected":false},"author":3,"featured_media":662,"comment_status":"closed","ping_status":"open","sticky":false,"template":"","format":"standard","meta":{"_acf_changed":false,"footnotes":""},"categories":[3],"tags":[],"class_list":["post-660","post","type-post","status-publish","format-standard","has-post-thumbnail","hentry","category-notizia"],"acf":[],"yoast_head":"<!-- This site is optimized with the Yoast SEO plugin v23.0 - https:\/\/yoast.com\/wordpress\/plugins\/seo\/ -->\n<title>300 ragazzi hanno partecipato alle Momimpiadi! - Seminario Arcivescovile<\/title>\n<meta name=\"robots\" content=\"index, follow, max-snippet:-1, max-image-preview:large, max-video-preview:-1\" \/>\n<link rel=\"canonical\" href=\"https:\/\/www.chiesadigenova.it\/seminario\/300-ragazzi-hanno-partecipato-alle-momimpiadi\/\" \/>\n<meta property=\"og:locale\" content=\"it_IT\" \/>\n<meta property=\"og:type\" content=\"article\" \/>\n<meta property=\"og:title\" content=\"300 ragazzi hanno partecipato alle Momimpiadi! - Seminario Arcivescovile\" \/>\n<meta property=\"og:description\" content=\"\u201cCome un prodigio\u201d \u00e8 stato il tema della 91\u00aa edizione della Giornata chierichetti, le Momimpiadi, svoltasi lo scorso 25 aprile 2026 presso l\u2019Oratorio Don Bosco di Sampierdarena. Pi\u00f9 di 300 ragazzi, insieme ai loro accompagnatori \u2013 compresi molti sacerdoti \u2013 hanno partecipato alla festa diocesana, organizzata come ogni anno dai seminaristi, guidati da don Gabriele [&hellip;]\" \/>\n<meta property=\"og:url\" content=\"https:\/\/www.chiesadigenova.it\/seminario\/300-ragazzi-hanno-partecipato-alle-momimpiadi\/\" \/>\n<meta property=\"og:site_name\" content=\"Seminario Arcivescovile\" \/>\n<meta property=\"article:published_time\" content=\"2026-04-27T13:22:37+00:00\" \/>\n<meta property=\"og:image\" content=\"https:\/\/www.chiesadigenova.it\/seminario\/wp-content\/uploads\/sites\/27\/2026\/04\/momi1-scaled.jpg\" \/>\n\t<meta property=\"og:image:width\" content=\"1920\" \/>\n\t<meta property=\"og:image:height\" content=\"2560\" \/>\n\t<meta property=\"og:image:type\" content=\"image\/jpeg\" \/>\n<meta name=\"author\" content=\"micheladeleo\" \/>\n<meta name=\"twitter:card\" content=\"summary_large_image\" \/>\n<meta name=\"twitter:label1\" content=\"Scritto da\" \/>\n\t<meta name=\"twitter:data1\" content=\"micheladeleo\" \/>\n\t<meta name=\"twitter:label2\" content=\"Tempo di lettura stimato\" \/>\n\t<meta name=\"twitter:data2\" content=\"3 minuti\" \/>\n<script type=\"application\/ld+json\" class=\"yoast-schema-graph\">{\"@context\":\"https:\/\/schema.org\",\"@graph\":[{\"@type\":\"Article\",\"@id\":\"https:\/\/www.chiesadigenova.it\/seminario\/300-ragazzi-hanno-partecipato-alle-momimpiadi\/#article\",\"isPartOf\":{\"@id\":\"https:\/\/www.chiesadigenova.it\/seminario\/300-ragazzi-hanno-partecipato-alle-momimpiadi\/\"},\"author\":{\"name\":\"micheladeleo\",\"@id\":\"https:\/\/www.chiesadigenova.it\/seminario\/#\/schema\/person\/4e52a152b5192f92ffca4a5432957d2a\"},\"headline\":\"300 ragazzi hanno partecipato alle Momimpiadi!\",\"datePublished\":\"2026-04-27T13:22:37+00:00\",\"dateModified\":\"2026-04-27T13:22:37+00:00\",\"mainEntityOfPage\":{\"@id\":\"https:\/\/www.chiesadigenova.it\/seminario\/300-ragazzi-hanno-partecipato-alle-momimpiadi\/\"},\"wordCount\":357,\"publisher\":{\"@id\":\"https:\/\/www.chiesadigenova.it\/seminario\/#organization\"},\"image\":{\"@id\":\"https:\/\/www.chiesadigenova.it\/seminario\/300-ragazzi-hanno-partecipato-alle-momimpiadi\/#primaryimage\"},\"thumbnailUrl\":\"https:\/\/www.chiesadigenova.it\/seminario\/wp-content\/uploads\/sites\/27\/2026\/04\/momi1-scaled.jpg\",\"articleSection\":[\"Notizie\"],\"inLanguage\":\"it-IT\"},{\"@type\":\"WebPage\",\"@id\":\"https:\/\/www.chiesadigenova.it\/seminario\/300-ragazzi-hanno-partecipato-alle-momimpiadi\/\",\"url\":\"https:\/\/www.chiesadigenova.it\/seminario\/300-ragazzi-hanno-partecipato-alle-momimpiadi\/\",\"name\":\"300 ragazzi hanno partecipato alle Momimpiadi! - Seminario Arcivescovile\",\"isPartOf\":{\"@id\":\"https:\/\/www.chiesadigenova.it\/seminario\/#website\"},\"primaryImageOfPage\":{\"@id\":\"https:\/\/www.chiesadigenova.it\/seminario\/300-ragazzi-hanno-partecipato-alle-momimpiadi\/#primaryimage\"},\"image\":{\"@id\":\"https:\/\/www.chiesadigenova.it\/seminario\/300-ragazzi-hanno-partecipato-alle-momimpiadi\/#primaryimage\"},\"thumbnailUrl\":\"https:\/\/www.chiesadigenova.it\/seminario\/wp-content\/uploads\/sites\/27\/2026\/04\/momi1-scaled.jpg\",\"datePublished\":\"2026-04-27T13:22:37+00:00\",\"dateModified\":\"2026-04-27T13:22:37+00:00\",\"breadcrumb\":{\"@id\":\"https:\/\/www.chiesadigenova.it\/seminario\/300-ragazzi-hanno-partecipato-alle-momimpiadi\/#breadcrumb\"},\"inLanguage\":\"it-IT\",\"potentialAction\":[{\"@type\":\"ReadAction\",\"target\":[\"https:\/\/www.chiesadigenova.it\/seminario\/300-ragazzi-hanno-partecipato-alle-momimpiadi\/\"]}]},{\"@type\":\"ImageObject\",\"inLanguage\":\"it-IT\",\"@id\":\"https:\/\/www.chiesadigenova.it\/seminario\/300-ragazzi-hanno-partecipato-alle-momimpiadi\/#primaryimage\",\"url\":\"https:\/\/www.chiesadigenova.it\/seminario\/wp-content\/uploads\/sites\/27\/2026\/04\/momi1-scaled.jpg\",\"contentUrl\":\"https:\/\/www.chiesadigenova.it\/seminario\/wp-content\/uploads\/sites\/27\/2026\/04\/momi1-scaled.jpg\",\"width\":1920,\"height\":2560},{\"@type\":\"BreadcrumbList\",\"@id\":\"https:\/\/www.chiesadigenova.it\/seminario\/300-ragazzi-hanno-partecipato-alle-momimpiadi\/#breadcrumb\",\"itemListElement\":[{\"@type\":\"ListItem\",\"position\":1,\"name\":\"Home\",\"item\":\"https:\/\/www.chiesadigenova.it\/seminario\/\"},{\"@type\":\"ListItem\",\"position\":2,\"name\":\"300 ragazzi hanno partecipato alle Momimpiadi!\"}]},{\"@type\":\"WebSite\",\"@id\":\"https:\/\/www.chiesadigenova.it\/seminario\/#website\",\"url\":\"https:\/\/www.chiesadigenova.it\/seminario\/\",\"name\":\"Seminario Arcivescovile\",\"description\":\"\",\"publisher\":{\"@id\":\"https:\/\/www.chiesadigenova.it\/seminario\/#organization\"},\"potentialAction\":[{\"@type\":\"SearchAction\",\"target\":{\"@type\":\"EntryPoint\",\"urlTemplate\":\"https:\/\/www.chiesadigenova.it\/seminario\/?s={search_term_string}\"},\"query-input\":\"required name=search_term_string\"}],\"inLanguage\":\"it-IT\"},{\"@type\":\"Organization\",\"@id\":\"https:\/\/www.chiesadigenova.it\/seminario\/#organization\",\"name\":\"Seminario Arcivescovile\",\"url\":\"https:\/\/www.chiesadigenova.it\/seminario\/\",\"logo\":{\"@type\":\"ImageObject\",\"inLanguage\":\"it-IT\",\"@id\":\"https:\/\/www.chiesadigenova.it\/seminario\/#\/schema\/logo\/image\/\",\"url\":\"https:\/\/www.chiesadigenova.it\/seminario\/wp-content\/uploads\/sites\/27\/2022\/11\/cropped-seminario4.png\",\"contentUrl\":\"https:\/\/www.chiesadigenova.it\/seminario\/wp-content\/uploads\/sites\/27\/2022\/11\/cropped-seminario4.png\",\"width\":7102,\"height\":1282,\"caption\":\"Seminario Arcivescovile\"},\"image\":{\"@id\":\"https:\/\/www.chiesadigenova.it\/seminario\/#\/schema\/logo\/image\/\"}}]}<\/script>\n<!-- \/ Yoast SEO plugin. -->","yoast_head_json":{"title":"300 ragazzi hanno partecipato alle Momimpiadi! - Seminario Arcivescovile","robots":{"index":"index","follow":"follow","max-snippet":"max-snippet:-1","max-image-preview":"max-image-preview:large","max-video-preview":"max-video-preview:-1"},"canonical":"https:\/\/www.chiesadigenova.it\/seminario\/300-ragazzi-hanno-partecipato-alle-momimpiadi\/","og_locale":"it_IT","og_type":"article","og_title":"300 ragazzi hanno partecipato alle Momimpiadi! - Seminario Arcivescovile","og_description":"\u201cCome un prodigio\u201d \u00e8 stato il tema della 91\u00aa edizione della Giornata chierichetti, le Momimpiadi, svoltasi lo scorso 25 aprile 2026 presso l\u2019Oratorio Don Bosco di Sampierdarena. Pi\u00f9 di 300 ragazzi, insieme ai loro accompagnatori \u2013 compresi molti sacerdoti \u2013 hanno partecipato alla festa diocesana, organizzata come ogni anno dai seminaristi, guidati da don Gabriele [&hellip;]","og_url":"https:\/\/www.chiesadigenova.it\/seminario\/300-ragazzi-hanno-partecipato-alle-momimpiadi\/","og_site_name":"Seminario Arcivescovile","article_published_time":"2026-04-27T13:22:37+00:00","og_image":[{"width":1920,"height":2560,"url":"https:\/\/www.chiesadigenova.it\/seminario\/wp-content\/uploads\/sites\/27\/2026\/04\/momi1-scaled.jpg","type":"image\/jpeg"}],"author":"micheladeleo","twitter_card":"summary_large_image","twitter_misc":{"Scritto da":"micheladeleo","Tempo di lettura stimato":"3 minuti"},"schema":{"@context":"https:\/\/schema.org","@graph":[{"@type":"Article","@id":"https:\/\/www.chiesadigenova.it\/seminario\/300-ragazzi-hanno-partecipato-alle-momimpiadi\/#article","isPartOf":{"@id":"https:\/\/www.chiesadigenova.it\/seminario\/300-ragazzi-hanno-partecipato-alle-momimpiadi\/"},"author":{"name":"micheladeleo","@id":"https:\/\/www.chiesadigenova.it\/seminario\/#\/schema\/person\/4e52a152b5192f92ffca4a5432957d2a"},"headline":"300 ragazzi hanno partecipato alle Momimpiadi!","datePublished":"2026-04-27T13:22:37+00:00","dateModified":"2026-04-27T13:22:37+00:00","mainEntityOfPage":{"@id":"https:\/\/www.chiesadigenova.it\/seminario\/300-ragazzi-hanno-partecipato-alle-momimpiadi\/"},"wordCount":357,"publisher":{"@id":"https:\/\/www.chiesadigenova.it\/seminario\/#organization"},"image":{"@id":"https:\/\/www.chiesadigenova.it\/seminario\/300-ragazzi-hanno-partecipato-alle-momimpiadi\/#primaryimage"},"thumbnailUrl":"https:\/\/www.chiesadigenova.it\/seminario\/wp-content\/uploads\/sites\/27\/2026\/04\/momi1-scaled.jpg","articleSection":["Notizie"],"inLanguage":"it-IT"},{"@type":"WebPage","@id":"https:\/\/www.chiesadigenova.it\/seminario\/300-ragazzi-hanno-partecipato-alle-momimpiadi\/","url":"https:\/\/www.chiesadigenova.it\/seminario\/300-ragazzi-hanno-partecipato-alle-momimpiadi\/","name":"300 ragazzi hanno partecipato alle Momimpiadi! - Seminario Arcivescovile","isPartOf":{"@id":"https:\/\/www.chiesadigenova.it\/seminario\/#website"},"primaryImageOfPage":{"@id":"https:\/\/www.chiesadigenova.it\/seminario\/300-ragazzi-hanno-partecipato-alle-momimpiadi\/#primaryimage"},"image":{"@id":"https:\/\/www.chiesadigenova.it\/seminario\/300-ragazzi-hanno-partecipato-alle-momimpiadi\/#primaryimage"},"thumbnailUrl":"https:\/\/www.chiesadigenova.it\/seminario\/wp-content\/uploads\/sites\/27\/2026\/04\/momi1-scaled.jpg","datePublished":"2026-04-27T13:22:37+00:00","dateModified":"2026-04-27T13:22:37+00:00","breadcrumb":{"@id":"https:\/\/www.chiesadigenova.it\/seminario\/300-ragazzi-hanno-partecipato-alle-momimpiadi\/#breadcrumb"},"inLanguage":"it-IT","potentialAction":[{"@type":"ReadAction","target":["https:\/\/www.chiesadigenova.it\/seminario\/300-ragazzi-hanno-partecipato-alle-momimpiadi\/"]}]},{"@type":"ImageObject","inLanguage":"it-IT","@id":"https:\/\/www.chiesadigenova.it\/seminario\/300-ragazzi-hanno-partecipato-alle-momimpiadi\/#primaryimage","url":"https:\/\/www.chiesadigenova.it\/seminario\/wp-content\/uploads\/sites\/27\/2026\/04\/momi1-scaled.jpg","contentUrl":"https:\/\/www.chiesadigenova.it\/seminario\/wp-content\/uploads\/sites\/27\/2026\/04\/momi1-scaled.jpg","width":1920,"height":2560},{"@type":"BreadcrumbList","@id":"https:\/\/www.chiesadigenova.it\/seminario\/300-ragazzi-hanno-partecipato-alle-momimpiadi\/#breadcrumb","itemListElement":[{"@type":"ListItem","position":1,"name":"Home","item":"https:\/\/www.chiesadigenova.it\/seminario\/"},{"@type":"ListItem","position":2,"name":"300 ragazzi hanno partecipato alle Momimpiadi!"}]},{"@type":"WebSite","@id":"https:\/\/www.chiesadigenova.it\/seminario\/#website","url":"https:\/\/www.chiesadigenova.it\/seminario\/","name":"Seminario Arcivescovile","description":"","publisher":{"@id":"https:\/\/www.chiesadigenova.it\/seminario\/#organization"},"potentialAction":[{"@type":"SearchAction","target":{"@type":"EntryPoint","urlTemplate":"https:\/\/www.chiesadigenova.it\/seminario\/?s={search_term_string}"},"query-input":"required name=search_term_string"}],"inLanguage":"it-IT"},{"@type":"Organization","@id":"https:\/\/www.chiesadigenova.it\/seminario\/#organization","name":"Seminario Arcivescovile","url":"https:\/\/www.chiesadigenova.it\/seminario\/","logo":{"@type":"ImageObject","inLanguage":"it-IT","@id":"https:\/\/www.chiesadigenova.it\/seminario\/#\/schema\/logo\/image\/","url":"https:\/\/www.chiesadigenova.it\/seminario\/wp-content\/uploads\/sites\/27\/2022\/11\/cropped-seminario4.png","contentUrl":"https:\/\/www.chiesadigenova.it\/seminario\/wp-content\/uploads\/sites\/27\/2022\/11\/cropped-seminario4.png","width":7102,"height":1282,"caption":"Seminario Arcivescovile"},"image":{"@id":"https:\/\/www.chiesadigenova.it\/seminario\/#\/schema\/logo\/image\/"}}]}},"_links":{"self":[{"href":"https:\/\/www.chiesadigenova.it\/seminario\/wp-json\/wp\/v2\/posts\/660","targetHints":{"allow":["GET"]}}],"collection":[{"href":"https:\/\/www.chiesadigenova.it\/seminario\/wp-json\/wp\/v2\/posts"}],"about":[{"href":"https:\/\/www.chiesadigenova.it\/seminario\/wp-json\/wp\/v2\/types\/post"}],"author":[{"embeddable":true,"href":"https:\/\/www.chiesadigenova.it\/seminario\/wp-json\/wp\/v2\/users\/3"}],"replies":[{"embeddable":true,"href":"https:\/\/www.chiesadigenova.it\/seminario\/wp-json\/wp\/v2\/comments?post=660"}],"version-history":[{"count":1,"href":"https:\/\/www.chiesadigenova.it\/seminario\/wp-json\/wp\/v2\/posts\/660\/revisions"}],"predecessor-version":[{"id":663,"href":"https:\/\/www.chiesadigenova.it\/seminario\/wp-json\/wp\/v2\/posts\/660\/revisions\/663"}],"wp:featuredmedia":[{"embeddable":true,"href":"https:\/\/www.chiesadigenova.it\/seminario\/wp-json\/wp\/v2\/media\/662"}],"wp:attachment":[{"href":"https:\/\/www.chiesadigenova.it\/seminario\/wp-json\/wp\/v2\/media?parent=660"}],"wp:term":[{"taxonomy":"category","embeddable":true,"href":"https:\/\/www.chiesadigenova.it\/seminario\/wp-json\/wp\/v2\/categories?post=660"},{"taxonomy":"post_tag","embeddable":true,"href":"https:\/\/www.chiesadigenova.it\/seminario\/wp-json\/wp\/v2\/tags?post=660"}],"curies":[{"name":"wp","href":"https:\/\/api.w.org\/{rel}","templated":true}]}}