{"id":989,"date":"2022-09-20T16:48:17","date_gmt":"2022-09-20T14:48:17","guid":{"rendered":"http:\/\/www.chiesadigenova.it\/scolastico\/?p=989"},"modified":"2022-09-20T16:49:01","modified_gmt":"2022-09-20T14:49:01","slug":"messaggio-dellarcivescovo-per-linizio-del-nuovo-anno-scolastico-grazie-a-tutti-coloro-che-pongono-il-loro-impegno-a-servizio-ai-piu-piccoli-della-nostra-societa-unopera-preziosa-e","status":"publish","type":"post","link":"https:\/\/www.chiesadigenova.it\/scolastico\/messaggio-dellarcivescovo-per-linizio-del-nuovo-anno-scolastico-grazie-a-tutti-coloro-che-pongono-il-loro-impegno-a-servizio-ai-piu-piccoli-della-nostra-societa-unopera-preziosa-e\/","title":{"rendered":"Messaggio dell&#8217;Arcivescovo per l&#8217;inizio del nuovo anno scolastico: \u00abGrazie a tutti coloro che pongono il loro impegno a servizio ai pi\u00f9 piccoli della nostra societ\u00e0, un\u2019opera preziosa e indispensabile per il futuro di tutta la nostra comunit\u00e0\u00bb"},"content":{"rendered":"<p><em>Pubblichiamo il testo integrale del Messaggio che l&#8217;Arcivescovo ha inviato ai ragazzi, alle famiglie, agli insegnanti e a quanti lavorano nel mondo della scuola per l&#8217;inizio del nuovo anno scolastico:<\/em><\/p>\n<p>Inizia un nuovo anno scolastico, riprende il cammino della scuola, messo gravemente alla prova negli ultimi due anni e mezzo a causa della pandemia, ora pare che siamo quasi alla normalit\u00e0 e questa \u00e8 una bella notizia! La scuola segna da sempre il tempo del nostro vivere e dei nostri giorni, segna i ritmi del nostro agire e di quello di ogni famiglia, spesso induce le scelte che andiamo a compiere: \u00e8 forse il fatto pi\u00f9 importante della nostra quotidianit\u00e0.<\/p>\n<p>Dai nonni ai nipoti tutti siamo coinvolti nell\u2019evento scolastico, nessuno escluso. E\u2019 importante sottolineare questo momento come Chiesa Genovese, perch\u00e9 ci sentiamo davvero vicini ad ogni studente, ad ogni genitore, ad ogni insegnante e operatore della scuola. Questo mondo \u00e8 uno spaccato importante della nostra societ\u00e0 che ha in s\u00e8 una semplice caratteristica: \u00e8 orientato al domani. Certamente le radici sono ben piantate nella storia e nella tradizione della nostra cultura ma il servizio che il mondo della scuola offre ai pi\u00f9 giovani, per sua natura, \u00e8 orientato al futuro, al domani, alla vita che \u00e8 e che sar\u00e0 di ogni singola alunna e di ogni singolo alunno, dai bambini delle materne ai pi\u00f9 grandi dell\u2019universit\u00e0.<\/p>\n<p>Ognuno attraverso questa fantastica esperienza si scoprir\u00e0 persona completa per quello che \u00e8 chiamata a giocare un ruolo unico nella storia umana. La scuola ci apre all\u2019incontro con l\u2019altro, all\u2019accoglienza del diverso da noi, ci invita a porre lo sguardo sul mondo, sulla storia, sul domani, non mettendo al centro la nostra singola persona ma la comunit\u00e0. Certo, la comunit\u00e0\u2026 Ogni singola scuola \u00e8 prima di tutto una comunit\u00e0, in cui si d\u00e0 attenzione al rapporto reciproco come dimensione essenziale della missione educativa, ogni singola scuola vive la propria sfida nella relazione interna tra tutti, capace di accogliere le famiglie, con le loro peculiarit\u00e0, sofferenze, diversit\u00e0.<\/p>\n<p>Le famiglie non devono essere lasciate ai margini del mondo della scuola, non sono un di pi\u00f9: ogni realt\u00e0 diviene davvero educativa se si opera tutti nella stessa direzione e la famiglia, per vocazione, \u00e8 la prima a camminare a fianco dei propri figli. Per un momento mi rivolgo a voi ragazzi: grazie alle tecnologie siete connessi con tutto il mondo ma rischiate di rimanere tremendamente soli. Cercate l\u2019incontro con i vostri compagni, con i vostri insegnanti, cercate l\u2019incontro perch\u00e9 l\u2019incontro \u00e8 vita vera e concreta, non virtuale! Inizia il nuovo anno scolastico, torniamo a sederci tra i banchi accanto ai propri compagni a incontrare i docenti, qualcuno sar\u00e0 anche nuovo e sar\u00e0 bello scoprirlo, siate grati a tutti coloro che sono al vostro servizio, soprattutto perch\u00e9 vi vogliono bene!<\/p>\n<p>Mi rivolgo a voi insegnanti, di ogni scuola di ogni ordine e grado, le fatiche della formazione sono soprattutto sulle vostre spalle! Lo sappiamo bene e per questo non vi lasciamo soli, per quanto possibile vorremmo essere parte di quella rete di relazioni che i giovani vivono, anche al di fuori della scuola, per condividere momenti educativi e formativi. Vi prego guardate i ragazzi con occhi che sanno sognare il domani perch\u00e9 una persona \u201ccresce solo se \u00e8 sognata\u201d! Vorrei ringraziare tutti coloro che pongono il loro impegno in un lavoro che \u00e8 servizio ai pi\u00f9 piccoli della nostra societ\u00e0, un\u2019opera preziosa e indispensabile per il futuro di tutta la nostra comunit\u00e0. Dobbiamo essere grati a quanti stanno operando per rendere la scuola un ambiente il pi\u00f9 possibile idoneo per la crescita dei ragazzi: le nuove generazioni chiedono una scuola fatta bene, con passione e competenza e noi adulti ci aspettiamo dai ragazzi che ne approfittino appieno, applicandosi seriamente. Un\u2019ultima considerazione: al termine di questo 2022 sar\u00e0 il 75esimo della firma della nostra carta Costituzionale, quel documento costato fatica e impegno in cui tutti ci siamo ritrovati e che orienta il nostro vivere. Non dimentichiamone il valore, la cifra della carta \u00e8 proprio la persona umana, con i suoi diritti inalienabili ma anche con i suoi doveri di socialit\u00e0. Diritti e doveri si richiamano per ognuno e per tutti nella Carta, ecco chiediamo alla scuola di oggi, ma tutta la scuola, di farsi promotrice di una nuova stagione civica. Buon anno scolastico a tutti!<\/p>\n<p style=\"text-align: right;\"><strong>Mons. Marco Tasca<\/strong>, <em>Arcivescovo<\/em><\/p>\n","protected":false},"excerpt":{"rendered":"<p>Pubblichiamo il testo integrale del Messaggio che l&#8217;Arcivescovo ha inviato ai ragazzi, alle famiglie, agli insegnanti e a quanti lavorano nel mondo della scuola per l&#8217;inizio del nuovo anno scolastico: Inizia un nuovo anno scolastico, riprende il cammino della scuola, messo gravemente alla prova negli ultimi due anni e mezzo a causa della pandemia, ora [&hellip;]<\/p>\n","protected":false},"author":3,"featured_media":990,"comment_status":"closed","ping_status":"closed","sticky":false,"template":"","format":"standard","meta":{"_acf_changed":false,"footnotes":""},"categories":[4],"tags":[],"class_list":["post-989","post","type-post","status-publish","format-standard","has-post-thumbnail","hentry","category-notizie"],"acf":[],"_links":{"self":[{"href":"https:\/\/www.chiesadigenova.it\/scolastico\/wp-json\/wp\/v2\/posts\/989","targetHints":{"allow":["GET"]}}],"collection":[{"href":"https:\/\/www.chiesadigenova.it\/scolastico\/wp-json\/wp\/v2\/posts"}],"about":[{"href":"https:\/\/www.chiesadigenova.it\/scolastico\/wp-json\/wp\/v2\/types\/post"}],"author":[{"embeddable":true,"href":"https:\/\/www.chiesadigenova.it\/scolastico\/wp-json\/wp\/v2\/users\/3"}],"replies":[{"embeddable":true,"href":"https:\/\/www.chiesadigenova.it\/scolastico\/wp-json\/wp\/v2\/comments?post=989"}],"version-history":[{"count":2,"href":"https:\/\/www.chiesadigenova.it\/scolastico\/wp-json\/wp\/v2\/posts\/989\/revisions"}],"predecessor-version":[{"id":992,"href":"https:\/\/www.chiesadigenova.it\/scolastico\/wp-json\/wp\/v2\/posts\/989\/revisions\/992"}],"wp:featuredmedia":[{"embeddable":true,"href":"https:\/\/www.chiesadigenova.it\/scolastico\/wp-json\/wp\/v2\/media\/990"}],"wp:attachment":[{"href":"https:\/\/www.chiesadigenova.it\/scolastico\/wp-json\/wp\/v2\/media?parent=989"}],"wp:term":[{"taxonomy":"category","embeddable":true,"href":"https:\/\/www.chiesadigenova.it\/scolastico\/wp-json\/wp\/v2\/categories?post=989"},{"taxonomy":"post_tag","embeddable":true,"href":"https:\/\/www.chiesadigenova.it\/scolastico\/wp-json\/wp\/v2\/tags?post=989"}],"curies":[{"name":"wp","href":"https:\/\/api.w.org\/{rel}","templated":true}]}}