{"id":875,"date":"2022-03-31T11:10:12","date_gmt":"2022-03-31T09:10:12","guid":{"rendered":"http:\/\/www.chiesadigenova.it\/scolastico\/?p=875"},"modified":"2022-03-31T11:10:12","modified_gmt":"2022-03-31T09:10:12","slug":"basilica-delle-vigne-percorso-guidato-gratuito-per-gli-insegnanti","status":"publish","type":"post","link":"https:\/\/www.chiesadigenova.it\/scolastico\/basilica-delle-vigne-percorso-guidato-gratuito-per-gli-insegnanti\/","title":{"rendered":"Basilica delle Vigne: percorso guidato gratuito per gli insegnanti"},"content":{"rendered":"<p>Dopo il successo dell&#8217;inedito percorso di salita guidata alla Basilica di Santa Maria delle Vigne di Genova, l&#8217;invito a scoprire la meraviglia \u00e8 ora indirizzato agli insegnanti del territorio, che potranno vivere &#8211; venerd\u00ec 8 e sabato 9 aprile &#8211; l&#8217;emozionante esperienza di visita a uno dei pi\u00f9 antichi edifici di culto della citt\u00e0.<br \/>\nIl percorso, che attraversa locali aperti esclusivamente, propone momenti interattivi e coinvolgenti, particolarmente adatti a famiglie e appunto scolaresche: il camminamento sui ponteggi di cantiere, il laboratorio per analizzare i materiali e \u2018navigare\u2019 virtualmente gli spazi segreti della Basilica, lo sbarco sui tetti della citt\u00e0, l\u2019attraversamento del sottotetto fino a raggiungere l\u2019alto del cupolino.<br \/>\nMuniti di elmetto di sicurezza, i docenti saranno guidati in un\u00a0<i>educational gratuito<\/i>\u00a0durante il quale potranno percorrere in prima persona l\u2019affascinante storia della Basilica, godere di punti di vista esclusivi e affacci panoramici.<br \/>\n<b>La proposta di visita ideata da Kalat\u00e0, impresa culturale di Mondov\u00ec, in partnership con la Basilica delle Vigne, rappresenta un\u2019occasione unica nel panorama dell\u2019offerta formativa dedicata alle scuole<\/b>, che unisce la scientificit\u00e0 dei contenuti storico-artistici, il carattere divulgativo e la dimensione esperienziale. L&#8217;iniziativa si inserisce all&#8217;interno di un progetto pi\u00f9 ampio che guarda alla didattica e intende favorire la partecipazione attiva di bambini e ragazzi ai luoghi della cultura, simbolo della storia e dell&#8217;identit\u00e0 del territorio.<\/p>\n<p><b>Per tutta la primavera gli insegnanti potranno opzionare per le proprie classi una visita alle Vigne e sperimentare un percorso suggestivo adatto a tutte le et\u00e0.<\/b><br \/>\nI docenti interessati a partecipare all&#8217;Educational potranno prenotare contattando Kalat\u00e0 all&#8217;indirizzo e-mail\u00a0<a href=\"mailto:booking@kalata.it\" target=\"_self\" rel=\"noopener noreferrer\">booking@kalata.it<\/a>\u00a0o tramite call center al numero 0174.330976 e scegliere uno dei tre turni a disposizione:<\/p>\n<p><b>venerd\u00ec 8 aprile: ore 14.30 (primo turno), ore 16.30 (secondo turno);<\/b><\/p>\n<p><b>sabato 9 aprile: ore 9.30.<\/b><br \/>\nDurata della proposta: 1 ora e 30.<\/p>\n","protected":false},"excerpt":{"rendered":"<p>Dopo il successo dell&#8217;inedito percorso di salita guidata alla Basilica di Santa Maria delle Vigne di Genova, l&#8217;invito a scoprire la meraviglia \u00e8 ora indirizzato agli insegnanti del territorio, che potranno vivere &#8211; venerd\u00ec 8 e sabato 9 aprile &#8211; l&#8217;emozionante esperienza di visita a uno dei pi\u00f9 antichi edifici di culto della citt\u00e0. Il [&hellip;]<\/p>\n","protected":false},"author":3,"featured_media":876,"comment_status":"closed","ping_status":"closed","sticky":false,"template":"","format":"standard","meta":{"_acf_changed":false,"footnotes":""},"categories":[4],"tags":[],"class_list":["post-875","post","type-post","status-publish","format-standard","has-post-thumbnail","hentry","category-notizie"],"acf":[],"_links":{"self":[{"href":"https:\/\/www.chiesadigenova.it\/scolastico\/wp-json\/wp\/v2\/posts\/875","targetHints":{"allow":["GET"]}}],"collection":[{"href":"https:\/\/www.chiesadigenova.it\/scolastico\/wp-json\/wp\/v2\/posts"}],"about":[{"href":"https:\/\/www.chiesadigenova.it\/scolastico\/wp-json\/wp\/v2\/types\/post"}],"author":[{"embeddable":true,"href":"https:\/\/www.chiesadigenova.it\/scolastico\/wp-json\/wp\/v2\/users\/3"}],"replies":[{"embeddable":true,"href":"https:\/\/www.chiesadigenova.it\/scolastico\/wp-json\/wp\/v2\/comments?post=875"}],"version-history":[{"count":1,"href":"https:\/\/www.chiesadigenova.it\/scolastico\/wp-json\/wp\/v2\/posts\/875\/revisions"}],"predecessor-version":[{"id":877,"href":"https:\/\/www.chiesadigenova.it\/scolastico\/wp-json\/wp\/v2\/posts\/875\/revisions\/877"}],"wp:featuredmedia":[{"embeddable":true,"href":"https:\/\/www.chiesadigenova.it\/scolastico\/wp-json\/wp\/v2\/media\/876"}],"wp:attachment":[{"href":"https:\/\/www.chiesadigenova.it\/scolastico\/wp-json\/wp\/v2\/media?parent=875"}],"wp:term":[{"taxonomy":"category","embeddable":true,"href":"https:\/\/www.chiesadigenova.it\/scolastico\/wp-json\/wp\/v2\/categories?post=875"},{"taxonomy":"post_tag","embeddable":true,"href":"https:\/\/www.chiesadigenova.it\/scolastico\/wp-json\/wp\/v2\/tags?post=875"}],"curies":[{"name":"wp","href":"https:\/\/api.w.org\/{rel}","templated":true}]}}