{"id":873,"date":"2022-03-31T17:59:42","date_gmt":"2022-03-31T15:59:42","guid":{"rendered":"http:\/\/www.chiesadigenova.it\/scolastico\/?p=873"},"modified":"2022-04-01T10:59:01","modified_gmt":"2022-04-01T08:59:01","slug":"mercoledi-6-aprile-2022-corso-di-aggiornamento-per-gli-insegnanti-di-religione-in-modalita-webinar","status":"publish","type":"post","link":"https:\/\/www.chiesadigenova.it\/scolastico\/mercoledi-6-aprile-2022-corso-di-aggiornamento-per-gli-insegnanti-di-religione-in-modalita-webinar\/","title":{"rendered":"Mercoled\u00ec 6 aprile 2022: Corso di Aggiornamento per gli insegnanti di religione in modalit\u00e0 webinar"},"content":{"rendered":"<p>Si comunica che il prossimo appuntamento del <em>Corso di Aggiornamento per Insegnanti di Religione Cattolica e altri Docenti interessati<\/em>, verr\u00e0 <em>sempre<\/em> effettuato <strong>in modalit\u00e0 webinar su piattaforma Zoom<\/strong>.<\/p>\n<p>Come da calendario l\u2019incontro \u00e8 fissato per<strong>mercoled\u00ec 6 aprile 2022 alle ore 17<\/strong>. Il prof. Ernesto Preziosi parler\u00e0 su: <em>\u201cUn nuovo umanesimo nella chiesa e nella sociat\u00e0\u201d.<\/em><\/p>\n<p>Si invitano i docenti di IRC e altri interessati, <strong>qualora non avessero ancora inviato la scheda di iscrizione<\/strong>, che trovano pubblicata su <a href=\"https:\/\/www.chiesadigenova.it\/scolastico\/corso-di-aggiornamento-e-formazione-per-gli-insegnanti-di-religione-e-altri-docenti-interessati-a-s-2021-2022\/\">https:\/\/www.chiesadigenova.it\/scolastico\/corso-di-aggiornamento-e-formazione-per-gli-insegnanti-di-religione-e-altri-docenti-interessati-a-s-2021-2022\/<\/a> , a provvedere <strong>entro e non oltre il 4 aprile p.v.,<\/strong> restituendola via e-mail all\u2019indirizzo <a href=\"mailto:scuola@diocesi.genova.it\">scuola@diocesi.genova.it<\/a>.<\/p>\n<p><u>Si sottolinea la particolare importanza di rispettare tale scadenza, poich\u00e9 soltanto ai docenti iscritti potr\u00e0 essere inviato, nei giorni subito precedenti, l\u2019incontro il link necessario per poter accedere alla riunione.<\/u><\/p>\n<p>Sar\u00e0 premura dell\u2019Ufficio informare con sollecitudine qualora dovessero essere apportate ulteriori modifiche.<\/p>\n","protected":false},"excerpt":{"rendered":"<p>Si comunica che il prossimo appuntamento del Corso di Aggiornamento per Insegnanti di Religione Cattolica e altri Docenti interessati, verr\u00e0 sempre effettuato in modalit\u00e0 webinar su piattaforma Zoom. Come da calendario l\u2019incontro \u00e8 fissato permercoled\u00ec 6 aprile 2022 alle ore 17. Il prof. Ernesto Preziosi parler\u00e0 su: \u201cUn nuovo umanesimo nella chiesa e nella sociat\u00e0\u201d. [&hellip;]<\/p>\n","protected":false},"author":10,"featured_media":823,"comment_status":"closed","ping_status":"closed","sticky":false,"template":"","format":"standard","meta":{"_acf_changed":false,"footnotes":""},"categories":[4],"tags":[],"class_list":["post-873","post","type-post","status-publish","format-standard","has-post-thumbnail","hentry","category-notizie"],"acf":[],"_links":{"self":[{"href":"https:\/\/www.chiesadigenova.it\/scolastico\/wp-json\/wp\/v2\/posts\/873","targetHints":{"allow":["GET"]}}],"collection":[{"href":"https:\/\/www.chiesadigenova.it\/scolastico\/wp-json\/wp\/v2\/posts"}],"about":[{"href":"https:\/\/www.chiesadigenova.it\/scolastico\/wp-json\/wp\/v2\/types\/post"}],"author":[{"embeddable":true,"href":"https:\/\/www.chiesadigenova.it\/scolastico\/wp-json\/wp\/v2\/users\/10"}],"replies":[{"embeddable":true,"href":"https:\/\/www.chiesadigenova.it\/scolastico\/wp-json\/wp\/v2\/comments?post=873"}],"version-history":[{"count":1,"href":"https:\/\/www.chiesadigenova.it\/scolastico\/wp-json\/wp\/v2\/posts\/873\/revisions"}],"predecessor-version":[{"id":874,"href":"https:\/\/www.chiesadigenova.it\/scolastico\/wp-json\/wp\/v2\/posts\/873\/revisions\/874"}],"wp:featuredmedia":[{"embeddable":true,"href":"https:\/\/www.chiesadigenova.it\/scolastico\/wp-json\/wp\/v2\/media\/823"}],"wp:attachment":[{"href":"https:\/\/www.chiesadigenova.it\/scolastico\/wp-json\/wp\/v2\/media?parent=873"}],"wp:term":[{"taxonomy":"category","embeddable":true,"href":"https:\/\/www.chiesadigenova.it\/scolastico\/wp-json\/wp\/v2\/categories?post=873"},{"taxonomy":"post_tag","embeddable":true,"href":"https:\/\/www.chiesadigenova.it\/scolastico\/wp-json\/wp\/v2\/tags?post=873"}],"curies":[{"name":"wp","href":"https:\/\/api.w.org\/{rel}","templated":true}]}}