{"id":863,"date":"2022-03-24T16:36:24","date_gmt":"2022-03-24T15:36:24","guid":{"rendered":"http:\/\/www.chiesadigenova.it\/scolastico\/?p=863"},"modified":"2022-03-24T16:37:53","modified_gmt":"2022-03-24T15:37:53","slug":"incontro-con-le-scuole-cattoliche-genovesi","status":"publish","type":"post","link":"https:\/\/www.chiesadigenova.it\/scolastico\/incontro-con-le-scuole-cattoliche-genovesi\/","title":{"rendered":"29 marzo 2022, incontro con le scuole cattoliche genovesi"},"content":{"rendered":"<p>Alcuni rappresentanti di scuole cattoliche genovesi hanno espresso la necessit\u00e0 di incontrarsi per poter riflettere insieme sulla situazione della scuola Cattolica genovese.<\/p>\n<p>In questo impegnativo momento crediamo che la Chiesa tutta debba affrontare il tema della presenza delle scuola cattolica con competenza e lungimiranza.<\/p>\n<p>Per questo, i referenti delle scuole o l&#8217;assistente spirituale sono stati invitati dall&#8217;ufficio Scuola ad un incontro per le scuole cattoliche genovesi primarie, secondarie di I grado e secondarie di II grado, in modo tale da ascoltare le diverse situazioni, chiedendosi come sia possibile agire insieme per migliorare la presenza della scuola cattolica nella diocesi.<\/p>\n<p>L\u2019incontro sar\u00e0 presieduto da <em>Mons. Gianfranco Calabrese<\/em>, Vicario Episcopale per l\u2019Annuncio del Vangelo e Missionariet\u00e0 e si svolger\u00e0 il giorno <strong>marted\u00ec 29 marzo 2022 alle ore 11,30 in Sala Boetto presso la\u00a0 Curia Arcivescovile<\/strong>, p.zza Matteotti 4.<\/p>\n","protected":false},"excerpt":{"rendered":"<p>Alcuni rappresentanti di scuole cattoliche genovesi hanno espresso la necessit\u00e0 di incontrarsi per poter riflettere insieme sulla situazione della scuola Cattolica genovese. In questo impegnativo momento crediamo che la Chiesa tutta debba affrontare il tema della presenza delle scuola cattolica con competenza e lungimiranza. Per questo, i referenti delle scuole o l&#8217;assistente spirituale sono stati [&hellip;]<\/p>\n","protected":false},"author":10,"featured_media":864,"comment_status":"closed","ping_status":"closed","sticky":false,"template":"","format":"standard","meta":{"_acf_changed":false,"footnotes":""},"categories":[4],"tags":[],"class_list":["post-863","post","type-post","status-publish","format-standard","has-post-thumbnail","hentry","category-notizie"],"acf":[],"_links":{"self":[{"href":"https:\/\/www.chiesadigenova.it\/scolastico\/wp-json\/wp\/v2\/posts\/863","targetHints":{"allow":["GET"]}}],"collection":[{"href":"https:\/\/www.chiesadigenova.it\/scolastico\/wp-json\/wp\/v2\/posts"}],"about":[{"href":"https:\/\/www.chiesadigenova.it\/scolastico\/wp-json\/wp\/v2\/types\/post"}],"author":[{"embeddable":true,"href":"https:\/\/www.chiesadigenova.it\/scolastico\/wp-json\/wp\/v2\/users\/10"}],"replies":[{"embeddable":true,"href":"https:\/\/www.chiesadigenova.it\/scolastico\/wp-json\/wp\/v2\/comments?post=863"}],"version-history":[{"count":4,"href":"https:\/\/www.chiesadigenova.it\/scolastico\/wp-json\/wp\/v2\/posts\/863\/revisions"}],"predecessor-version":[{"id":869,"href":"https:\/\/www.chiesadigenova.it\/scolastico\/wp-json\/wp\/v2\/posts\/863\/revisions\/869"}],"wp:featuredmedia":[{"embeddable":true,"href":"https:\/\/www.chiesadigenova.it\/scolastico\/wp-json\/wp\/v2\/media\/864"}],"wp:attachment":[{"href":"https:\/\/www.chiesadigenova.it\/scolastico\/wp-json\/wp\/v2\/media?parent=863"}],"wp:term":[{"taxonomy":"category","embeddable":true,"href":"https:\/\/www.chiesadigenova.it\/scolastico\/wp-json\/wp\/v2\/categories?post=863"},{"taxonomy":"post_tag","embeddable":true,"href":"https:\/\/www.chiesadigenova.it\/scolastico\/wp-json\/wp\/v2\/tags?post=863"}],"curies":[{"name":"wp","href":"https:\/\/api.w.org\/{rel}","templated":true}]}}