{"id":826,"date":"2022-03-02T10:16:36","date_gmt":"2022-03-02T09:16:36","guid":{"rendered":"http:\/\/www.chiesadigenova.it\/scolastico\/?p=826"},"modified":"2022-03-02T15:08:33","modified_gmt":"2022-03-02T14:08:33","slug":"veglia-per-la-pace-venerdi-4-marzo-2022-h-19","status":"publish","type":"post","link":"https:\/\/www.chiesadigenova.it\/scolastico\/veglia-per-la-pace-venerdi-4-marzo-2022-h-19\/","title":{"rendered":"Venerd\u00ec 4 marzo 2022 nella Chiesa della Consolazione il mondo della scuola in preghiera per la pace"},"content":{"rendered":"<p>Dato il momento di nuova emergenza \u00e8 emersa la volont\u00e0 di proporre una <strong>Veglia per la pace <\/strong>alla quale sono invitati a partecipare<strong> per gli studenti<\/strong> delle scuole genovesi. Il Provveditorato di Genova \u00e8 al corrente e cercher\u00e0 di darne ufficialit\u00e0.<\/p>\n<p>L&#8217;incontro \u00e8 fissato per <strong>venerd\u00ec 4 marzo 2022 alle ore 19 nel<\/strong><strong>la chiesa della Consolazione<\/strong>, in via XX Settembre, e sar\u00e0 guidato da <strong>Mons. Nicol\u00f2 Anselmi<em>, <\/em><\/strong><strong>Vescovo Ausiliare e Vicario Generale della Curia Arcivescovile.<\/strong><\/p>\n<p>In allegato il volantino della manifestazione: dati i tempi ristretti, si prego di darne comunicazione e, per quanto possibile, cercare di coinvolgere gli studenti, soprattutto le alunne e gli alunni delle secondarie II\u00b0 grado.<\/p>\n","protected":false},"excerpt":{"rendered":"<p>Dato il momento di nuova emergenza \u00e8 emersa la volont\u00e0 di proporre una Veglia per la pace alla quale sono invitati a partecipare per gli studenti delle scuole genovesi. Il Provveditorato di Genova \u00e8 al corrente e cercher\u00e0 di darne ufficialit\u00e0. L&#8217;incontro \u00e8 fissato per venerd\u00ec 4 marzo 2022 alle ore 19 nella chiesa della [&hellip;]<\/p>\n","protected":false},"author":10,"featured_media":829,"comment_status":"closed","ping_status":"closed","sticky":false,"template":"","format":"standard","meta":{"_acf_changed":false,"footnotes":""},"categories":[4],"tags":[],"class_list":["post-826","post","type-post","status-publish","format-standard","has-post-thumbnail","hentry","category-notizie"],"acf":[],"_links":{"self":[{"href":"https:\/\/www.chiesadigenova.it\/scolastico\/wp-json\/wp\/v2\/posts\/826","targetHints":{"allow":["GET"]}}],"collection":[{"href":"https:\/\/www.chiesadigenova.it\/scolastico\/wp-json\/wp\/v2\/posts"}],"about":[{"href":"https:\/\/www.chiesadigenova.it\/scolastico\/wp-json\/wp\/v2\/types\/post"}],"author":[{"embeddable":true,"href":"https:\/\/www.chiesadigenova.it\/scolastico\/wp-json\/wp\/v2\/users\/10"}],"replies":[{"embeddable":true,"href":"https:\/\/www.chiesadigenova.it\/scolastico\/wp-json\/wp\/v2\/comments?post=826"}],"version-history":[{"count":3,"href":"https:\/\/www.chiesadigenova.it\/scolastico\/wp-json\/wp\/v2\/posts\/826\/revisions"}],"predecessor-version":[{"id":833,"href":"https:\/\/www.chiesadigenova.it\/scolastico\/wp-json\/wp\/v2\/posts\/826\/revisions\/833"}],"wp:featuredmedia":[{"embeddable":true,"href":"https:\/\/www.chiesadigenova.it\/scolastico\/wp-json\/wp\/v2\/media\/829"}],"wp:attachment":[{"href":"https:\/\/www.chiesadigenova.it\/scolastico\/wp-json\/wp\/v2\/media?parent=826"}],"wp:term":[{"taxonomy":"category","embeddable":true,"href":"https:\/\/www.chiesadigenova.it\/scolastico\/wp-json\/wp\/v2\/categories?post=826"},{"taxonomy":"post_tag","embeddable":true,"href":"https:\/\/www.chiesadigenova.it\/scolastico\/wp-json\/wp\/v2\/tags?post=826"}],"curies":[{"name":"wp","href":"https:\/\/api.w.org\/{rel}","templated":true}]}}