{"id":822,"date":"2022-02-28T11:59:41","date_gmt":"2022-02-28T10:59:41","guid":{"rendered":"http:\/\/www.chiesadigenova.it\/scolastico\/?p=822"},"modified":"2022-03-02T15:09:38","modified_gmt":"2022-03-02T14:09:38","slug":"corso-di-aggiornamento-in-modalita-webinar-il-7-marzo-2022","status":"publish","type":"post","link":"https:\/\/www.chiesadigenova.it\/scolastico\/corso-di-aggiornamento-in-modalita-webinar-il-7-marzo-2022\/","title":{"rendered":"Luned\u00ec 7 marzo 2022: Corso di Aggiornamento per gli insegnanti di religione in modalit\u00e0 webinar"},"content":{"rendered":"<p>Si comunica che il prossimo appuntamento del <em>Corso di Aggiornamento per Insegnanti di Religione Cattolica e altri Docenti interessati<\/em>, verr\u00e0 effettuato <strong>in modalit\u00e0 webinar su piattaforma Zoom<\/strong>.<\/p>\n<p>Come da calendario l\u2019incontro \u00e8 fissato per <strong>luned\u00ec 7 marzo 2022 alle ore 17<\/strong>. La prof.ssa Iris Alemano parler\u00e0 su: <em>\u201cEducazione alle e nelle differenze. Sensibilizzazione alle difficolt\u00e0 di apprendimento, Emozionali-relazionali, BES\u201d<\/em><\/p>\n<p>Si invitano i docenti di IRC e altri interessati, <strong>qualora non avessero ancora inviato la scheda di iscrizione<\/strong>, che trovano pubblicata su <a href=\"https:\/\/www.chiesadigenova.it\/scolastico\/corso-di-aggiornamento-e-formazione-per-gli-insegnanti-di-religione-e-altri-docenti-interessati-a-s-2021-2022\/\">https:\/\/www.chiesadigenova.it\/scolastico\/corso-di-aggiornamento-e-formazione-per-gli-insegnanti-di-religione-e-altri-docenti-interessati-a-s-2021-2022\/<\/a> , a provvedere <strong>entro e non oltre il 4 marzo p.v.,<\/strong> restituendola via e-mail all\u2019indirizzo <a href=\"mailto:scuola@diocesi.genova.it\">scuola@diocesi.genova.it<\/a>.<\/p>\n<p><u>Si sottolinea la particolare importanza di rispettare tale scadenza, poich\u00e9 soltanto ai docenti iscritti potr\u00e0 essere inviato, nei giorni subito precedenti, l\u2019incontro il link necessario per poter accedere alla riunione.<\/u><\/p>\n<p>Sar\u00e0 premura dell\u2019Ufficio informare con sollecitudine qualora dovessero essere apportate ulteriori modifiche.<\/p>\n","protected":false},"excerpt":{"rendered":"<p>Si comunica che il prossimo appuntamento del Corso di Aggiornamento per Insegnanti di Religione Cattolica e altri Docenti interessati, verr\u00e0 effettuato in modalit\u00e0 webinar su piattaforma Zoom. Come da calendario l\u2019incontro \u00e8 fissato per luned\u00ec 7 marzo 2022 alle ore 17. La prof.ssa Iris Alemano parler\u00e0 su: \u201cEducazione alle e nelle differenze. Sensibilizzazione alle difficolt\u00e0 [&hellip;]<\/p>\n","protected":false},"author":10,"featured_media":823,"comment_status":"closed","ping_status":"closed","sticky":false,"template":"","format":"standard","meta":{"_acf_changed":false,"footnotes":""},"categories":[4],"tags":[],"class_list":["post-822","post","type-post","status-publish","format-standard","has-post-thumbnail","hentry","category-notizie"],"acf":[],"_links":{"self":[{"href":"https:\/\/www.chiesadigenova.it\/scolastico\/wp-json\/wp\/v2\/posts\/822","targetHints":{"allow":["GET"]}}],"collection":[{"href":"https:\/\/www.chiesadigenova.it\/scolastico\/wp-json\/wp\/v2\/posts"}],"about":[{"href":"https:\/\/www.chiesadigenova.it\/scolastico\/wp-json\/wp\/v2\/types\/post"}],"author":[{"embeddable":true,"href":"https:\/\/www.chiesadigenova.it\/scolastico\/wp-json\/wp\/v2\/users\/10"}],"replies":[{"embeddable":true,"href":"https:\/\/www.chiesadigenova.it\/scolastico\/wp-json\/wp\/v2\/comments?post=822"}],"version-history":[{"count":2,"href":"https:\/\/www.chiesadigenova.it\/scolastico\/wp-json\/wp\/v2\/posts\/822\/revisions"}],"predecessor-version":[{"id":834,"href":"https:\/\/www.chiesadigenova.it\/scolastico\/wp-json\/wp\/v2\/posts\/822\/revisions\/834"}],"wp:featuredmedia":[{"embeddable":true,"href":"https:\/\/www.chiesadigenova.it\/scolastico\/wp-json\/wp\/v2\/media\/823"}],"wp:attachment":[{"href":"https:\/\/www.chiesadigenova.it\/scolastico\/wp-json\/wp\/v2\/media?parent=822"}],"wp:term":[{"taxonomy":"category","embeddable":true,"href":"https:\/\/www.chiesadigenova.it\/scolastico\/wp-json\/wp\/v2\/categories?post=822"},{"taxonomy":"post_tag","embeddable":true,"href":"https:\/\/www.chiesadigenova.it\/scolastico\/wp-json\/wp\/v2\/tags?post=822"}],"curies":[{"name":"wp","href":"https:\/\/api.w.org\/{rel}","templated":true}]}}