{"id":793,"date":"2022-01-21T11:51:56","date_gmt":"2022-01-21T10:51:56","guid":{"rendered":"http:\/\/www.chiesadigenova.it\/scolastico\/?p=793"},"modified":"2022-01-21T11:51:56","modified_gmt":"2022-01-21T10:51:56","slug":"corso-di-aggiornamento-in-modalita-webinar-dal-26-gennaio-2022","status":"publish","type":"post","link":"https:\/\/www.chiesadigenova.it\/scolastico\/corso-di-aggiornamento-in-modalita-webinar-dal-26-gennaio-2022\/","title":{"rendered":"Corso di Aggiornamento in modalit\u00e0 webinar dal 26 gennaio 2022"},"content":{"rendered":"<p>I prossimi appuntamenti del <em>Corso di Aggiornamento per Insegnanti di Religione Cattolica e altri Docenti interessati<\/em>, saranno effettuati <strong>in modalit\u00e0 webinar su piattaforma Zoom<\/strong>.<\/p>\n<p><strong>&#8211; Mercoled\u00ec 26 gennaio<\/strong> <strong>alle ore 17<\/strong> il prof. Ernesto Gianoli terr\u00e0 l\u2019incontro, <em>\u201cLa sfida dei docenti nel saper educare emozionando e emozionandosi\u201d, \u00a0<\/em>destinato <u>ai docenti di scuola Secondaria di I\u00b0 e II\u00b0 grado.<\/u><\/p>\n<p><strong>&#8211; Luned\u00ec 31 gennaio alle ore 17<\/strong> il prof. Ernesto Gianoli terr\u00e0 l\u2019incontro, <em>\u201cL\u2019intelligenza emotiva, disturbi emotivi a scuola e strategie efficaci\u201d<\/em>, destinato <u>ai docenti di scuola dell\u2019infanzia e scuola primaria<\/u>.<\/p>\n<p>Si invitano i docenti di IRC e altri interessati, <strong>qualora non avessero ancora inviato la scheda di iscrizione<\/strong>, qui allegata e pubblicata su <a href=\"https:\/\/www.chiesadigenova.it\/scolastico\/corso-di-aggiornamento-e-formazione-per-gli-insegnanti-di-religione-e-altri-docenti-interessati-a-s-2021-2022\/\">https:\/\/www.chiesadigenova.it\/scolastico\/corso-di-aggiornamento-e-formazione-per-gli-insegnanti-di-religione-e-altri-docenti-interessati-a-s-2021-2022\/<\/a> , a provvedere <strong>entro e non oltre il 24 gennaio p.v.,<\/strong> restituendola via e-mail all\u2019indirizzo <a href=\"mailto:scuola@diocesi.genova.it\">scuola@diocesi.genova.it<\/a>.<\/p>\n<p><u>Si sottolinea la particolare importanza di rispettare tale scadenza, poich\u00e9 soltanto ai docenti iscritti potr\u00e0 essere inviato, nei giorni subito precedenti, l\u2019incontro il link necessario per poter accedere alla riunione.<\/u><\/p>\n<p>Sar\u00e0 premura dell\u2019Ufficio informare con sollecitudine qualora dovessero essere apportate ulteriori modifiche.<\/p>\n","protected":false},"excerpt":{"rendered":"<p>I prossimi appuntamenti del Corso di Aggiornamento per Insegnanti di Religione Cattolica e altri Docenti interessati, saranno effettuati in modalit\u00e0 webinar su piattaforma Zoom. &#8211; Mercoled\u00ec 26 gennaio alle ore 17 il prof. Ernesto Gianoli terr\u00e0 l\u2019incontro, \u201cLa sfida dei docenti nel saper educare emozionando e emozionandosi\u201d, \u00a0destinato ai docenti di scuola Secondaria di I\u00b0 [&hellip;]<\/p>\n","protected":false},"author":10,"featured_media":792,"comment_status":"closed","ping_status":"closed","sticky":false,"template":"","format":"standard","meta":{"_acf_changed":false,"footnotes":""},"categories":[4],"tags":[],"class_list":["post-793","post","type-post","status-publish","format-standard","has-post-thumbnail","hentry","category-notizie"],"acf":[],"_links":{"self":[{"href":"https:\/\/www.chiesadigenova.it\/scolastico\/wp-json\/wp\/v2\/posts\/793","targetHints":{"allow":["GET"]}}],"collection":[{"href":"https:\/\/www.chiesadigenova.it\/scolastico\/wp-json\/wp\/v2\/posts"}],"about":[{"href":"https:\/\/www.chiesadigenova.it\/scolastico\/wp-json\/wp\/v2\/types\/post"}],"author":[{"embeddable":true,"href":"https:\/\/www.chiesadigenova.it\/scolastico\/wp-json\/wp\/v2\/users\/10"}],"replies":[{"embeddable":true,"href":"https:\/\/www.chiesadigenova.it\/scolastico\/wp-json\/wp\/v2\/comments?post=793"}],"version-history":[{"count":2,"href":"https:\/\/www.chiesadigenova.it\/scolastico\/wp-json\/wp\/v2\/posts\/793\/revisions"}],"predecessor-version":[{"id":795,"href":"https:\/\/www.chiesadigenova.it\/scolastico\/wp-json\/wp\/v2\/posts\/793\/revisions\/795"}],"wp:featuredmedia":[{"embeddable":true,"href":"https:\/\/www.chiesadigenova.it\/scolastico\/wp-json\/wp\/v2\/media\/792"}],"wp:attachment":[{"href":"https:\/\/www.chiesadigenova.it\/scolastico\/wp-json\/wp\/v2\/media?parent=793"}],"wp:term":[{"taxonomy":"category","embeddable":true,"href":"https:\/\/www.chiesadigenova.it\/scolastico\/wp-json\/wp\/v2\/categories?post=793"},{"taxonomy":"post_tag","embeddable":true,"href":"https:\/\/www.chiesadigenova.it\/scolastico\/wp-json\/wp\/v2\/tags?post=793"}],"curies":[{"name":"wp","href":"https:\/\/api.w.org\/{rel}","templated":true}]}}