{"id":771,"date":"2022-01-03T16:09:30","date_gmt":"2022-01-03T15:09:30","guid":{"rendered":"http:\/\/www.chiesadigenova.it\/scolastico\/?p=771"},"modified":"2022-01-03T16:09:30","modified_gmt":"2022-01-03T15:09:30","slug":"17-gennaio-2022-riprende-il-corso-di-aggiornamento-per-gli-insegnanti-di-r-c-e-altri-docenti-interessati","status":"publish","type":"post","link":"https:\/\/www.chiesadigenova.it\/scolastico\/17-gennaio-2022-riprende-il-corso-di-aggiornamento-per-gli-insegnanti-di-r-c-e-altri-docenti-interessati\/","title":{"rendered":"17 gennaio 2022, riprende il corso di aggiornamento per gli insegnanti di R.C. e altri docenti interessati"},"content":{"rendered":"<p>L\u2019Ufficio Educazione e Scuola comunica che il prossimo incontro del corso di aggiornamento per gli insegnanti di Religione Cattolica e altri docenti interessati relativo all\u2019a.s. 2021\/22 avr\u00e0 luogo, <u>in presenza,<\/u> il\u00a0 prossimo <strong>luned\u00ec 17 gennaio. <\/strong><\/p>\n<p>Il relatore sar\u00e0 la<strong> prof.ssa Rossella Verri<\/strong> che tratter\u00e0: <em>\u201cEducazione alla cittadinanza. Riscontri e azioni migliorative dalla nuova esperienza di insegnamento dell\u2019educazione civica\u201d.<\/em><\/p>\n<p><u>Tutti i prossimi incontri in programma<\/u> si terranno presso la<strong> Sala Quadrivium, <\/strong>p.zza S. Marta n. 2, <strong>dalle ore 17\u00a0 alle ore 19.30. <\/strong><\/p>\n<p><strong>Se venissero pubblicate \u00a0nuove indicazioni che neghino la possibilit\u00e0 di svolgere gli incontri in presenza, gli iscritti verranno prontamente informati.<\/strong><\/p>\n<ul>\n<li><strong>La partecipazione all\u2019intero Corso<\/strong> dovr\u00e0 avvenire previa iscrizione <u>via mail<\/u> a <a href=\"mailto:scuola@diocesi.genova.it\">scuola@diocesi.genova.it<\/a> con modulo apposito inviato agli interessati e pubblicato su \u00a0<a href=\"https:\/\/www.chiesadigenova.it\/scolastico\/corso-di-aggiornamento-e-formazione-per-gli-insegnanti-di-religione-e-altri-docenti-interessati-a-s-2021-2022\/\">https:\/\/www.chiesadigenova.it\/scolastico\/corso-di-aggiornamento-e-formazione-per-gli-insegnanti-di-religione-e-altri-docenti-interessati-a-s-2021-2022\/<\/a><\/li>\n<li>Per l\u2019<strong>accesso <\/strong>\u00e8 indispensabile, <strong><u>ad ogni incontro<\/u><\/strong>, la presentazione del modulo di rilevazione &#8211; autocertificazione COVID-19 compilato, che varr\u00e0 anche come attestazione di presenza e del Super Green Pass (fino ai termini stabiliti dalla Legge). Anche questo modulo \u00e8 stato inviato agli interessati e pubblicato <a href=\"https:\/\/www.chiesadigenova.it\/scolastico\/corso-di-aggiornamento-e-formazione-per-gli-insegnanti-di-religione-e-altri-docenti-interessati-a-s-2021-2022\/\">https:\/\/www.chiesadigenova.it\/scolastico\/corso-di-aggiornamento-e-formazione-per-gli-insegnanti-di-religione-e-altri-docenti-interessati-a-s-2021-2022\/<\/a><\/li>\n<li>Come da <strong>norme vigenti<\/strong>, si dovr\u00e0 indossare la mascherina ffp2, verr\u00e0 misurata la temperatura corporea e disinfettate le mani.<\/li>\n<\/ul>\n","protected":false},"excerpt":{"rendered":"<p>L\u2019Ufficio Educazione e Scuola comunica che il prossimo incontro del corso di aggiornamento per gli insegnanti di Religione Cattolica e altri docenti interessati relativo all\u2019a.s. 2021\/22 avr\u00e0 luogo, in presenza, il\u00a0 prossimo luned\u00ec 17 gennaio. Il relatore sar\u00e0 la prof.ssa Rossella Verri che tratter\u00e0: \u201cEducazione alla cittadinanza. Riscontri e azioni migliorative dalla nuova esperienza di [&hellip;]<\/p>\n","protected":false},"author":10,"featured_media":655,"comment_status":"closed","ping_status":"closed","sticky":false,"template":"","format":"standard","meta":{"_acf_changed":false,"footnotes":""},"categories":[4],"tags":[],"class_list":["post-771","post","type-post","status-publish","format-standard","has-post-thumbnail","hentry","category-notizie"],"acf":[],"_links":{"self":[{"href":"https:\/\/www.chiesadigenova.it\/scolastico\/wp-json\/wp\/v2\/posts\/771","targetHints":{"allow":["GET"]}}],"collection":[{"href":"https:\/\/www.chiesadigenova.it\/scolastico\/wp-json\/wp\/v2\/posts"}],"about":[{"href":"https:\/\/www.chiesadigenova.it\/scolastico\/wp-json\/wp\/v2\/types\/post"}],"author":[{"embeddable":true,"href":"https:\/\/www.chiesadigenova.it\/scolastico\/wp-json\/wp\/v2\/users\/10"}],"replies":[{"embeddable":true,"href":"https:\/\/www.chiesadigenova.it\/scolastico\/wp-json\/wp\/v2\/comments?post=771"}],"version-history":[{"count":1,"href":"https:\/\/www.chiesadigenova.it\/scolastico\/wp-json\/wp\/v2\/posts\/771\/revisions"}],"predecessor-version":[{"id":772,"href":"https:\/\/www.chiesadigenova.it\/scolastico\/wp-json\/wp\/v2\/posts\/771\/revisions\/772"}],"wp:featuredmedia":[{"embeddable":true,"href":"https:\/\/www.chiesadigenova.it\/scolastico\/wp-json\/wp\/v2\/media\/655"}],"wp:attachment":[{"href":"https:\/\/www.chiesadigenova.it\/scolastico\/wp-json\/wp\/v2\/media?parent=771"}],"wp:term":[{"taxonomy":"category","embeddable":true,"href":"https:\/\/www.chiesadigenova.it\/scolastico\/wp-json\/wp\/v2\/categories?post=771"},{"taxonomy":"post_tag","embeddable":true,"href":"https:\/\/www.chiesadigenova.it\/scolastico\/wp-json\/wp\/v2\/tags?post=771"}],"curies":[{"name":"wp","href":"https:\/\/api.w.org\/{rel}","templated":true}]}}