{"id":761,"date":"2021-12-22T12:04:34","date_gmt":"2021-12-22T11:04:34","guid":{"rendered":"http:\/\/www.chiesadigenova.it\/scolastico\/?p=761"},"modified":"2021-12-22T12:52:12","modified_gmt":"2021-12-22T11:52:12","slug":"corso-di-counseling-scolastico-gennaio-2022","status":"publish","type":"post","link":"https:\/\/www.chiesadigenova.it\/scolastico\/corso-di-counseling-scolastico-gennaio-2022\/","title":{"rendered":"A gennaio 2022 al via il corso di formazione \u201cApprendere le abilit\u00e0 di base del Counseling Scolastico\u201d"},"content":{"rendered":"<p>La professionalit\u00e0 dell\u2019insegnante necessita di essere sostenuta sui molteplici versanti coinvolti: l\u2019ambito relazionale e comunicativo, quello organizzativo e decisionale, unitamente a quello affettivo ed emozionale che penetra trasversalmente ogni azione didattico-formativa.<\/p>\n<p>Una delle possibili forme di supporto alla professione insegnante \u00e8 data dall\u2019acquisizione delle abilit\u00e0 di counseling che si traducono in uno strumento pi\u00f9 che mai necessario nell\u2019odierno contesto scolastico, connotato sempre pi\u00f9 dalla dimensione della complessit\u00e0.<\/p>\n<p>In questa prospettiva sar\u00e0 <strong>attivato a partire dal mese di Gennaio 2022 il corso di formazione \u201cApprendere le abilit\u00e0 di base del Counseling Scolastico<\/strong>\u201d promosso da ISSRL (Istituto Superiore Scienze Religiose Ligure<u>)<\/u> e da SERF (Societ\u00e0 di educazione ricerca formazione) con la direzione scientifica del Prof. Ernesto Gianoli ed in veste di coordinatori il Prof Luca Raspi e la Prof.ssa Elisa Malaguti.<\/p>\n<p>&nbsp;<\/p>\n<p><strong>Gli obiettivi formativi del corso<\/strong>:<\/p>\n<ul>\n<li>Promuovere il benessere e prevenire il disagio<\/li>\n<li>Potenziare le risorse individuali, incentivare i fattori protettivi, stimolare la consapevolezza<\/li>\n<li>Acquisire competenze di ascolto e di comunicazione efficace<\/li>\n<li>Fornire strumenti psicopedagogici per la gestione di situazioni educative complesse<\/li>\n<\/ul>\n<p>&nbsp;<\/p>\n<p><strong>I destinatari:<\/strong><\/p>\n<p>Il corso si rivolge ai docenti di ogni ordine e grado.<\/p>\n<p>&nbsp;<\/p>\n<p><strong>Durata del corso:<\/strong><\/p>\n<p>Durata annuale per un totale di ore 80 ore suddivise in 10 lezioni da 8 ore (1 volta al mese di domenica).<\/p>\n<p>Sono previsti 3 incontri in presenza presso la sede dell\u2019ISSR Ligure. Il resto delle lezioni saranno erogate in modalit\u00e0 FAD. Per i corsisti residenti fuori dalla Liguria sar\u00e0 data la possibilit\u00e0 di seguire interamente in FAD il corso.<\/p>\n<p>&nbsp;<\/p>\n<p><strong>Info, costi, numero minimo e iscrizioni<\/strong>:<\/p>\n<p><u><a href=\"mailto:issr@diocesi.genova.it\">issr@diocesi.genova.it<\/a><\/u>; <a href=\"mailto:info@serf.training\">info@serf.training<\/a>; tel. 010.5530657 (in orario di apertura al pubblico).<\/p>\n","protected":false},"excerpt":{"rendered":"<p>La professionalit\u00e0 dell\u2019insegnante necessita di essere sostenuta sui molteplici versanti coinvolti: l\u2019ambito relazionale e comunicativo, quello organizzativo e decisionale, unitamente a quello affettivo ed emozionale che penetra trasversalmente ogni azione didattico-formativa. Una delle possibili forme di supporto alla professione insegnante \u00e8 data dall\u2019acquisizione delle abilit\u00e0 di counseling che si traducono in uno strumento pi\u00f9 che [&hellip;]<\/p>\n","protected":false},"author":3,"featured_media":762,"comment_status":"closed","ping_status":"closed","sticky":false,"template":"","format":"standard","meta":{"_acf_changed":false,"footnotes":""},"categories":[4],"tags":[],"class_list":["post-761","post","type-post","status-publish","format-standard","has-post-thumbnail","hentry","category-notizie"],"acf":[],"_links":{"self":[{"href":"https:\/\/www.chiesadigenova.it\/scolastico\/wp-json\/wp\/v2\/posts\/761","targetHints":{"allow":["GET"]}}],"collection":[{"href":"https:\/\/www.chiesadigenova.it\/scolastico\/wp-json\/wp\/v2\/posts"}],"about":[{"href":"https:\/\/www.chiesadigenova.it\/scolastico\/wp-json\/wp\/v2\/types\/post"}],"author":[{"embeddable":true,"href":"https:\/\/www.chiesadigenova.it\/scolastico\/wp-json\/wp\/v2\/users\/3"}],"replies":[{"embeddable":true,"href":"https:\/\/www.chiesadigenova.it\/scolastico\/wp-json\/wp\/v2\/comments?post=761"}],"version-history":[{"count":2,"href":"https:\/\/www.chiesadigenova.it\/scolastico\/wp-json\/wp\/v2\/posts\/761\/revisions"}],"predecessor-version":[{"id":766,"href":"https:\/\/www.chiesadigenova.it\/scolastico\/wp-json\/wp\/v2\/posts\/761\/revisions\/766"}],"wp:featuredmedia":[{"embeddable":true,"href":"https:\/\/www.chiesadigenova.it\/scolastico\/wp-json\/wp\/v2\/media\/762"}],"wp:attachment":[{"href":"https:\/\/www.chiesadigenova.it\/scolastico\/wp-json\/wp\/v2\/media?parent=761"}],"wp:term":[{"taxonomy":"category","embeddable":true,"href":"https:\/\/www.chiesadigenova.it\/scolastico\/wp-json\/wp\/v2\/categories?post=761"},{"taxonomy":"post_tag","embeddable":true,"href":"https:\/\/www.chiesadigenova.it\/scolastico\/wp-json\/wp\/v2\/tags?post=761"}],"curies":[{"name":"wp","href":"https:\/\/api.w.org\/{rel}","templated":true}]}}