{"id":75,"date":"2014-12-11T12:49:00","date_gmt":"2014-12-11T11:49:00","guid":{"rendered":"http:\/\/scolastico.chiesadigenova.it\/domenica-14-dicembre-2014-incontro-di-spiritualita-professionale-in-preparazione-al-s-natale-2014\/"},"modified":"2014-12-11T12:49:00","modified_gmt":"2014-12-11T11:49:00","slug":"domenica-14-dicembre-2014-incontro-di-spiritualita-professionale-in-preparazione-al-s-natale-2014","status":"publish","type":"post","link":"https:\/\/www.chiesadigenova.it\/scolastico\/domenica-14-dicembre-2014-incontro-di-spiritualita-professionale-in-preparazione-al-s-natale-2014\/","title":{"rendered":"Domenica 14 dicembre 2014 &#8211; Incontro di spiritualit\u00e0 professionale in preparazione al S. Natale 2014"},"content":{"rendered":"<div>\n<div class=\"testo\">\n<div>\n<div>Come   oramai consuetudine nel periodo di Avvento, gli Insegnanti di  Religione  dedicano una domenica che precede il S. Natale ad un incontro  di  Spiritualit\u00e0 professionale. Quest&#8217;anno per\u00f2 la sede dell&#8217;incontro  non sar\u00e0  l&#8217;Istituto delle Suore Immacolatine in piazza Paolo Da Novi  perch\u00e8 alluvionata ma l&#8217;<strong>Istituto Padre Assarotti in via S. Bartolomeo degli Armeni n. 1<\/strong>. L&#8217;Istituto si trova vicino all&#8217;IREN, in fondo a via S. Giacomo e Filippo all&#8217;inzio di via Serra. <\/div>\n<div>Il  programma \u00e8 il seguente:<\/div>\n<div style=\"font-family: arial; font-size: 13px; line-height: 20px;\">ore 9.45\u00a0\u00a0 accoglienza<\/div>\n<div style=\"font-family: arial; font-size: 13px; line-height: 20px;\">ore 10 &#8211; 11 \u00a0 meditazione guidata<\/div>\n<div style=\"font-family: arial; font-size: 13px; line-height: 20px;\">ore 11 &#8211; 11.15 \u00a0\u00a0 riflessione personale<\/div>\n<div style=\"font-family: arial; font-size: 13px; line-height: 20px;\">ore 11.15\u00a0\u00a0\u00a0 S. Messa<\/div>\n<\/div>\n<\/div>\n<\/div>\n","protected":false},"excerpt":{"rendered":"<p>Come oramai consuetudine nel periodo di Avvento, gli Insegnanti di Religione dedicano una domenica che precede il S. Natale ad un incontro di Spiritualit\u00e0 professionale. Quest&#8217;anno per\u00f2 la sede dell&#8217;incontro non sar\u00e0 l&#8217;Istituto delle Suore Immacolatine in piazza Paolo Da Novi perch\u00e8 alluvionata ma l&#8217;Istituto Padre Assarotti in via S. Bartolomeo degli Armeni n. 1. [&hellip;]<\/p>\n","protected":false},"author":1,"featured_media":76,"comment_status":"closed","ping_status":"closed","sticky":false,"template":"","format":"standard","meta":{"_acf_changed":false,"footnotes":""},"categories":[4],"tags":[],"class_list":["post-75","post","type-post","status-publish","format-standard","has-post-thumbnail","hentry","category-notizie"],"acf":[],"_links":{"self":[{"href":"https:\/\/www.chiesadigenova.it\/scolastico\/wp-json\/wp\/v2\/posts\/75","targetHints":{"allow":["GET"]}}],"collection":[{"href":"https:\/\/www.chiesadigenova.it\/scolastico\/wp-json\/wp\/v2\/posts"}],"about":[{"href":"https:\/\/www.chiesadigenova.it\/scolastico\/wp-json\/wp\/v2\/types\/post"}],"author":[{"embeddable":true,"href":"https:\/\/www.chiesadigenova.it\/scolastico\/wp-json\/wp\/v2\/users\/1"}],"replies":[{"embeddable":true,"href":"https:\/\/www.chiesadigenova.it\/scolastico\/wp-json\/wp\/v2\/comments?post=75"}],"version-history":[{"count":0,"href":"https:\/\/www.chiesadigenova.it\/scolastico\/wp-json\/wp\/v2\/posts\/75\/revisions"}],"wp:featuredmedia":[{"embeddable":true,"href":"https:\/\/www.chiesadigenova.it\/scolastico\/wp-json\/wp\/v2\/media\/76"}],"wp:attachment":[{"href":"https:\/\/www.chiesadigenova.it\/scolastico\/wp-json\/wp\/v2\/media?parent=75"}],"wp:term":[{"taxonomy":"category","embeddable":true,"href":"https:\/\/www.chiesadigenova.it\/scolastico\/wp-json\/wp\/v2\/categories?post=75"},{"taxonomy":"post_tag","embeddable":true,"href":"https:\/\/www.chiesadigenova.it\/scolastico\/wp-json\/wp\/v2\/tags?post=75"}],"curies":[{"name":"wp","href":"https:\/\/api.w.org\/{rel}","templated":true}]}}