{"id":732,"date":"2021-09-10T11:16:54","date_gmt":"2021-09-10T09:16:54","guid":{"rendered":"http:\/\/www.chiesadigenova.it\/scolastico\/?p=732"},"modified":"2021-09-10T11:16:54","modified_gmt":"2021-09-10T09:16:54","slug":"8-e-16-settembre-2021-incontro-per-docenti-alla-sala-quadrivium","status":"publish","type":"post","link":"https:\/\/www.chiesadigenova.it\/scolastico\/8-e-16-settembre-2021-incontro-per-docenti-alla-sala-quadrivium\/","title":{"rendered":"8 e 16 settembre 2021: incontro per Docenti alla Sala Quadrivium"},"content":{"rendered":"<p>L\u2019anno scolastico 2021\/2022 \u00e8 iniziato. In Liguria le attivit\u00e0 didattiche riprenderanno il 15 settembre.<br \/>\nLa scuola si \u00e8 rimessa in moto dopo la pausa estiva, tra progetti e non poche difficolt\u00e0 legate alla gestione della pandemia.<br \/>\nNon sembrerebbe vero, eppure, la scuola, nonostante la lunga serie di problematiche che ogni anno deve affrontare, esacerbate dall\u2019emergenza sanitaria, si riesce sempre a mettere in moto.<br \/>\nLa pi\u00f9 grande comunit\u00e0 di studio e lavoro del nostro Paese &#8211; si parla di oltre 8 milioni di studenti a cui bisogna aggiungere dirigenti, docenti, personale tecnico ed amministrativo -, nonostante la crisi e le numerosissime tornate di annunci che la riguardano da vicino, mostra, ancora oggi, una certa solidit\u00e0, forse grazie alla perenne passione educativa e buona volont\u00e0 del personale scolastico.<br \/>\nIn questi due anni scolastici, segnati dal dramma della pandemia, tutti i docenti hanno dovuto profondere un notevole impegno sotto diversi fronti: pedagogico, didattico e psicologico.<br \/>\nQuesto impegno \u00e8 stato accolto con sollecitudine e premura anche dai docenti di religione, che grazie al loro insegnamento curricolare e ad un tempo \u201catipico\u201d, sono stati molto vicini ai loro studenti accogliendo i loro bisogni esistenziali senza perdere di vista i contenuti disciplinari, avendo come riferimento pedagogico fondamentale Ges\u00f9 Maestro.<br \/>\nAll\u2019inizio di questo nuovo anno,\u00a0<b>la Chiesa di Genova vuole fare sentire la propria vicinanza ai propri insegnanti specialisti di religione. Per questo sono stati previsti due incontri con i docenti, il primo si \u00e8 svolto l\u20198 settembre per gli insegnati della Scuola dell\u2019Infanzia e della Primaria e il secondo \u00e8 in programma il giorno 16 settembre per la Scuola Secondaria di I e II grado.<\/b><\/p>\n<p><b>Appuntamento alla sala Quadrivium alle ore 17<\/b>, nel rispetto di tutte le misure sanitarie previste.<\/p>\n<p><b>Tali incontri saranno presieduti dal Vicario per l\u2019annuncio del Vangelo e per la Missionariet\u00e0, Don Gianfranco Calabrese, e dal Direttore dell\u2019Ufficio Educazione e Scuola, Don Bruno Sopranzi.<\/b><\/p>\n<p><b>Si tratta di un\u2019occasione di notevole rilevanza per gli IdR, in cui sono chiamati a ravvivare la loro appartenenza ecclesiale ed il loro profilo professionale.<\/b><br \/>\nUn momento di riflessione e condivisione in cui rileggere e sentire con nuovo slancio il proprio ruolo sia nel servizio allo Stato che alla Chiesa, per il bene della persona umana in et\u00e0 scolastica e cos\u00ec riflettere sul sempre attuale valore pedagogico integrale dell\u2019insegnamento della religione: \u00abLa mediazione culturale e scolastica dei contenuti della religione cattolica che viene operata dall&#8217;insegnamento della religione cattolica corrisponde al dinamismo intrinseco della fede cristiana che, come dice Giovanni Paolo, &#8220;esige di essere pensata e come sposata all&#8217;intelligenza dell&#8217;uomo, di questo uomo storico concreto&#8221;.<\/p>\n<p>Tale mediazione, inoltre, \u00e8 consona alla natura stessa del Vangelo, chiamato ad inculturarsi in tutte le situazioni umane nel rispetto della loro legittima autonomia, nella valorizzazione di ogni loro potenzialit\u00e0 e nell&#8217;apertura a quella verit\u00e0 piena sull&#8217;uomo e sulla storia che ci \u00e8 donata in Cristo.<br \/>\nEmerge cos\u00ec l&#8217;elemento tipico dell&#8217;insegnamento della religione cattolica: nel suo attuarsi concreto questo insegnamento mostra come la dimensione religiosa e la dimensione culturale, proprie della persona e della storia umana, non sono affatto alternative tra loro, ma sono intimamente legate e complementari l&#8217;una all&#8217;altra\u00bb.<br \/>\n(Nota CEI Insegnare religione cattolica oggi, n\u00b014).<\/p>\n","protected":false},"excerpt":{"rendered":"<p>L\u2019anno scolastico 2021\/2022 \u00e8 iniziato. In Liguria le attivit\u00e0 didattiche riprenderanno il 15 settembre. La scuola si \u00e8 rimessa in moto dopo la pausa estiva, tra progetti e non poche difficolt\u00e0 legate alla gestione della pandemia. Non sembrerebbe vero, eppure, la scuola, nonostante la lunga serie di problematiche che ogni anno deve affrontare, esacerbate dall\u2019emergenza [&hellip;]<\/p>\n","protected":false},"author":3,"featured_media":635,"comment_status":"closed","ping_status":"closed","sticky":false,"template":"","format":"standard","meta":{"_acf_changed":false,"footnotes":""},"categories":[4],"tags":[],"class_list":["post-732","post","type-post","status-publish","format-standard","has-post-thumbnail","hentry","category-notizie"],"acf":[],"_links":{"self":[{"href":"https:\/\/www.chiesadigenova.it\/scolastico\/wp-json\/wp\/v2\/posts\/732","targetHints":{"allow":["GET"]}}],"collection":[{"href":"https:\/\/www.chiesadigenova.it\/scolastico\/wp-json\/wp\/v2\/posts"}],"about":[{"href":"https:\/\/www.chiesadigenova.it\/scolastico\/wp-json\/wp\/v2\/types\/post"}],"author":[{"embeddable":true,"href":"https:\/\/www.chiesadigenova.it\/scolastico\/wp-json\/wp\/v2\/users\/3"}],"replies":[{"embeddable":true,"href":"https:\/\/www.chiesadigenova.it\/scolastico\/wp-json\/wp\/v2\/comments?post=732"}],"version-history":[{"count":1,"href":"https:\/\/www.chiesadigenova.it\/scolastico\/wp-json\/wp\/v2\/posts\/732\/revisions"}],"predecessor-version":[{"id":733,"href":"https:\/\/www.chiesadigenova.it\/scolastico\/wp-json\/wp\/v2\/posts\/732\/revisions\/733"}],"wp:featuredmedia":[{"embeddable":true,"href":"https:\/\/www.chiesadigenova.it\/scolastico\/wp-json\/wp\/v2\/media\/635"}],"wp:attachment":[{"href":"https:\/\/www.chiesadigenova.it\/scolastico\/wp-json\/wp\/v2\/media?parent=732"}],"wp:term":[{"taxonomy":"category","embeddable":true,"href":"https:\/\/www.chiesadigenova.it\/scolastico\/wp-json\/wp\/v2\/categories?post=732"},{"taxonomy":"post_tag","embeddable":true,"href":"https:\/\/www.chiesadigenova.it\/scolastico\/wp-json\/wp\/v2\/tags?post=732"}],"curies":[{"name":"wp","href":"https:\/\/api.w.org\/{rel}","templated":true}]}}