{"id":70,"date":"2014-10-17T11:53:00","date_gmt":"2014-10-17T09:53:00","guid":{"rendered":"http:\/\/scolastico.chiesadigenova.it\/importante-variazione-data-lezione-corso-di-aggiornamento-i-r-c-a-s-2014-15\/"},"modified":"2014-10-17T11:53:00","modified_gmt":"2014-10-17T09:53:00","slug":"importante-variazione-data-lezione-corso-di-aggiornamento-i-r-c-a-s-2014-15","status":"publish","type":"post","link":"https:\/\/www.chiesadigenova.it\/scolastico\/importante-variazione-data-lezione-corso-di-aggiornamento-i-r-c-a-s-2014-15\/","title":{"rendered":"IMPORTANTE: variazione data lezione Corso di Aggiornamento I.R.C. &#8211; a.s. 2014\/15"},"content":{"rendered":"<p>La lezione del Corso di Aggiornamento I.R.C. a.s. 2014\/15 del <strong>Prof. Ernesto Gianoli<\/strong>, riservato alle scuole secondarie di I\u00b0 e II\u00b0 grado, che avrebbe dovuto svolgersi <strong>luned\u00ec 20 ottobre p.v.<\/strong> \u00e8 stata posticipata a <strong>venerd\u00ec 24 ottobre 2014<\/strong>, sempre con sede al Quadrivium, sempre alle ore 17.<\/p>\n","protected":false},"excerpt":{"rendered":"<p>La lezione del Corso di Aggiornamento I.R.C. a.s. 2014\/15 del Prof. Ernesto Gianoli, riservato alle scuole secondarie di I\u00b0 e II\u00b0 grado, che avrebbe dovuto svolgersi luned\u00ec 20 ottobre p.v. \u00e8 stata posticipata a venerd\u00ec 24 ottobre 2014, sempre con sede al Quadrivium, sempre alle ore 17.<\/p>\n","protected":false},"author":1,"featured_media":71,"comment_status":"closed","ping_status":"closed","sticky":false,"template":"","format":"standard","meta":{"_acf_changed":false,"footnotes":""},"categories":[4],"tags":[],"class_list":["post-70","post","type-post","status-publish","format-standard","has-post-thumbnail","hentry","category-notizie"],"acf":[],"_links":{"self":[{"href":"https:\/\/www.chiesadigenova.it\/scolastico\/wp-json\/wp\/v2\/posts\/70","targetHints":{"allow":["GET"]}}],"collection":[{"href":"https:\/\/www.chiesadigenova.it\/scolastico\/wp-json\/wp\/v2\/posts"}],"about":[{"href":"https:\/\/www.chiesadigenova.it\/scolastico\/wp-json\/wp\/v2\/types\/post"}],"author":[{"embeddable":true,"href":"https:\/\/www.chiesadigenova.it\/scolastico\/wp-json\/wp\/v2\/users\/1"}],"replies":[{"embeddable":true,"href":"https:\/\/www.chiesadigenova.it\/scolastico\/wp-json\/wp\/v2\/comments?post=70"}],"version-history":[{"count":0,"href":"https:\/\/www.chiesadigenova.it\/scolastico\/wp-json\/wp\/v2\/posts\/70\/revisions"}],"wp:featuredmedia":[{"embeddable":true,"href":"https:\/\/www.chiesadigenova.it\/scolastico\/wp-json\/wp\/v2\/media\/71"}],"wp:attachment":[{"href":"https:\/\/www.chiesadigenova.it\/scolastico\/wp-json\/wp\/v2\/media?parent=70"}],"wp:term":[{"taxonomy":"category","embeddable":true,"href":"https:\/\/www.chiesadigenova.it\/scolastico\/wp-json\/wp\/v2\/categories?post=70"},{"taxonomy":"post_tag","embeddable":true,"href":"https:\/\/www.chiesadigenova.it\/scolastico\/wp-json\/wp\/v2\/tags?post=70"}],"curies":[{"name":"wp","href":"https:\/\/api.w.org\/{rel}","templated":true}]}}