{"id":46,"date":"2013-11-14T10:19:00","date_gmt":"2013-11-14T09:19:00","guid":{"rendered":"http:\/\/scolastico.chiesadigenova.it\/incontro-di-spiritualita-professionale-in-preparazione-al-natale-2013-domenica-15-dicembre-2013\/"},"modified":"2013-11-14T10:19:00","modified_gmt":"2013-11-14T09:19:00","slug":"incontro-di-spiritualita-professionale-in-preparazione-al-natale-2013-domenica-15-dicembre-2013","status":"publish","type":"post","link":"https:\/\/www.chiesadigenova.it\/scolastico\/incontro-di-spiritualita-professionale-in-preparazione-al-natale-2013-domenica-15-dicembre-2013\/","title":{"rendered":"Incontro di Spiritualit\u00e0 professionale in preparazione al Natale 2013 &#8211; Domenica 15 dicembre 2013"},"content":{"rendered":"<div>Come oramai consuetudine nel periodo di Avvento, gli Insegnanti di Religione dedicano una domenica che precede il S. Natale ad un incontro di Spiritualit\u00e0 professionale. Anche quest&#8217;anno la sede dell&#8217;incontro sar\u00e0 l&#8217;Istituto delle Suore Immacolatine in piazza Paolo Da Novi. Il programma \u00e8 il seguente:<\/div>\n<div>1. ore 9.45 accoglienza<\/div>\n<div>2. ore 10 &#8211; 11 meditazione guidata<\/div>\n<div>3. ore 11 &#8211; 11.15 riflessione personale<\/div>\n<div>4. ore 11.15 S. Messa<\/div>\n<div>\u00a0<\/div>\n<div>Tutto il materiale \u00e8 disponibile nella\u00a0sezione formazione\u00a0della pagina dell&#8217;Ufficio Educazione e Scuola.<\/div>\n","protected":false},"excerpt":{"rendered":"<p>Come oramai consuetudine nel periodo di Avvento, gli Insegnanti di Religione dedicano una domenica che precede il S. Natale ad un incontro di Spiritualit\u00e0 professionale. Anche quest&#8217;anno la sede dell&#8217;incontro sar\u00e0 l&#8217;Istituto delle Suore Immacolatine in piazza Paolo Da Novi. Il programma \u00e8 il seguente: 1. ore 9.45 accoglienza 2. ore 10 &#8211; 11 meditazione [&hellip;]<\/p>\n","protected":false},"author":1,"featured_media":47,"comment_status":"closed","ping_status":"closed","sticky":false,"template":"","format":"standard","meta":{"_acf_changed":false,"footnotes":""},"categories":[4],"tags":[],"class_list":["post-46","post","type-post","status-publish","format-standard","has-post-thumbnail","hentry","category-notizie"],"acf":[],"_links":{"self":[{"href":"https:\/\/www.chiesadigenova.it\/scolastico\/wp-json\/wp\/v2\/posts\/46","targetHints":{"allow":["GET"]}}],"collection":[{"href":"https:\/\/www.chiesadigenova.it\/scolastico\/wp-json\/wp\/v2\/posts"}],"about":[{"href":"https:\/\/www.chiesadigenova.it\/scolastico\/wp-json\/wp\/v2\/types\/post"}],"author":[{"embeddable":true,"href":"https:\/\/www.chiesadigenova.it\/scolastico\/wp-json\/wp\/v2\/users\/1"}],"replies":[{"embeddable":true,"href":"https:\/\/www.chiesadigenova.it\/scolastico\/wp-json\/wp\/v2\/comments?post=46"}],"version-history":[{"count":0,"href":"https:\/\/www.chiesadigenova.it\/scolastico\/wp-json\/wp\/v2\/posts\/46\/revisions"}],"wp:featuredmedia":[{"embeddable":true,"href":"https:\/\/www.chiesadigenova.it\/scolastico\/wp-json\/wp\/v2\/media\/47"}],"wp:attachment":[{"href":"https:\/\/www.chiesadigenova.it\/scolastico\/wp-json\/wp\/v2\/media?parent=46"}],"wp:term":[{"taxonomy":"category","embeddable":true,"href":"https:\/\/www.chiesadigenova.it\/scolastico\/wp-json\/wp\/v2\/categories?post=46"},{"taxonomy":"post_tag","embeddable":true,"href":"https:\/\/www.chiesadigenova.it\/scolastico\/wp-json\/wp\/v2\/tags?post=46"}],"curies":[{"name":"wp","href":"https:\/\/api.w.org\/{rel}","templated":true}]}}