{"id":42,"date":"2013-09-12T15:38:00","date_gmt":"2013-09-12T13:38:00","guid":{"rendered":"http:\/\/scolastico.chiesadigenova.it\/corso-di-aggiornamento-per-gli-insegnanti-di-religione-e-altri-docenti-interessati\/"},"modified":"2013-09-12T15:38:00","modified_gmt":"2013-09-12T13:38:00","slug":"corso-di-aggiornamento-per-gli-insegnanti-di-religione-e-altri-docenti-interessati","status":"publish","type":"post","link":"https:\/\/www.chiesadigenova.it\/scolastico\/corso-di-aggiornamento-per-gli-insegnanti-di-religione-e-altri-docenti-interessati\/","title":{"rendered":"Corso di Aggiornamento per gli Insegnanti di Religione e altri Docenti interessati"},"content":{"rendered":"<div>\u00a0<\/div>\n<div>&#8220;Se l&#8217;amore ha bisogno di verit\u00e0, anche la verit\u00e0   ha bisogno dell&#8217;amore. Amore e verit\u00e0   non si possono separare. Senza amore, la verit\u00e0   diventa fredda, impersonale, oppressiva per la vita concreta della persona.&#8221;&#8230; (par. 27)<\/div>\n<div>\u00a0<\/div>\n<div>&#8220;La luce dell&#8217;amore, propria della fede, pu\u00f2 illuminare gli interrogativi del nostro tempo sulla verit\u00e0 .&#8221;&#8230; (par. 34)<\/div>\n<div>\u00a0<\/div>\n<div>dalla Lettera Enciclica &#8220;Lumen Fidei&#8221; di Papa Francesco<\/div>\n<div>\u00a0<\/div>\n<div>Obiettivo del Corso di aggiornamento a.s. 2013\/14 \u00e8 quello di puntualizzare lo specifico approccio al tema della fede, avendo cura di approfondirlo nella particolare prospettiva del piano culturale che caratterizza la scuola e l&#8217;IRC.<\/div>\n<div>\u00a0<\/div>\n<div>Tutte le informazioni e le date degli incontri nel pieghevole in allegato.<\/div>\n<div>\u00a0<\/div>\n<div>\u00a0Tutto il materiale \u00e8 disponibile nella\u00a0sezione formazione\u00a0della pagina dell&#8217;Ufficio Educazione e Scuola.<\/div>\n","protected":false},"excerpt":{"rendered":"<p>\u00a0 &#8220;Se l&#8217;amore ha bisogno di verit\u00e0, anche la verit\u00e0 ha bisogno dell&#8217;amore. Amore e verit\u00e0 non si possono separare. Senza amore, la verit\u00e0 diventa fredda, impersonale, oppressiva per la vita concreta della persona.&#8221;&#8230; (par. 27) \u00a0 &#8220;La luce dell&#8217;amore, propria della fede, pu\u00f2 illuminare gli interrogativi del nostro tempo sulla verit\u00e0 .&#8221;&#8230; (par. 34) [&hellip;]<\/p>\n","protected":false},"author":1,"featured_media":43,"comment_status":"closed","ping_status":"closed","sticky":false,"template":"","format":"standard","meta":{"_acf_changed":false,"footnotes":""},"categories":[4],"tags":[],"class_list":["post-42","post","type-post","status-publish","format-standard","has-post-thumbnail","hentry","category-notizie"],"acf":[],"_links":{"self":[{"href":"https:\/\/www.chiesadigenova.it\/scolastico\/wp-json\/wp\/v2\/posts\/42","targetHints":{"allow":["GET"]}}],"collection":[{"href":"https:\/\/www.chiesadigenova.it\/scolastico\/wp-json\/wp\/v2\/posts"}],"about":[{"href":"https:\/\/www.chiesadigenova.it\/scolastico\/wp-json\/wp\/v2\/types\/post"}],"author":[{"embeddable":true,"href":"https:\/\/www.chiesadigenova.it\/scolastico\/wp-json\/wp\/v2\/users\/1"}],"replies":[{"embeddable":true,"href":"https:\/\/www.chiesadigenova.it\/scolastico\/wp-json\/wp\/v2\/comments?post=42"}],"version-history":[{"count":0,"href":"https:\/\/www.chiesadigenova.it\/scolastico\/wp-json\/wp\/v2\/posts\/42\/revisions"}],"wp:featuredmedia":[{"embeddable":true,"href":"https:\/\/www.chiesadigenova.it\/scolastico\/wp-json\/wp\/v2\/media\/43"}],"wp:attachment":[{"href":"https:\/\/www.chiesadigenova.it\/scolastico\/wp-json\/wp\/v2\/media?parent=42"}],"wp:term":[{"taxonomy":"category","embeddable":true,"href":"https:\/\/www.chiesadigenova.it\/scolastico\/wp-json\/wp\/v2\/categories?post=42"},{"taxonomy":"post_tag","embeddable":true,"href":"https:\/\/www.chiesadigenova.it\/scolastico\/wp-json\/wp\/v2\/tags?post=42"}],"curies":[{"name":"wp","href":"https:\/\/api.w.org\/{rel}","templated":true}]}}