{"id":290,"date":"2017-01-19T12:48:00","date_gmt":"2017-01-19T11:48:00","guid":{"rendered":"http:\/\/scolastico.chiesadigenova.it\/2017-aquileia-grado-e-verona-con-visita-al-santuario-della-madonna-della-corona-dal-23-al-25-aprile-2017\/"},"modified":"2017-01-19T12:48:00","modified_gmt":"2017-01-19T11:48:00","slug":"2017-aquileia-grado-e-verona-con-visita-al-santuario-della-madonna-della-corona-dal-23-al-25-aprile-2017","status":"publish","type":"post","link":"https:\/\/www.chiesadigenova.it\/scolastico\/2017-aquileia-grado-e-verona-con-visita-al-santuario-della-madonna-della-corona-dal-23-al-25-aprile-2017\/","title":{"rendered":"2017 &#8211; AQUILEIA, GRADO E VERONA con visita al Santuario della Madonna della Corona &#8211; dal 23 al 25 aprile 2017"},"content":{"rendered":"<div>  <b style=\"mso-bidi-font-weight:\n normal\">1\u00b0 giorno domenica 23 aprile <\/b>  <b style=\"mso-bidi-font-weight:\n normal\">GENOVA \u0096 Santuario della Corona\u00a0 <\/b>Km 316 <b style=\"mso-bidi-font-weight:normal\">\u0096 GRADO <\/b>Km 353  Partenza presto al mattino, vi autostrada per il Santuario della madonna della Corona; il nome \u00e8 attribuito dalla &#8216;corona&#8217; di pareti rocciose che cinge il terrazzo inaccessibile a strapiombo sugli abissi, a 775 metri di quota sopra la Val d&#8217;Adige. L&#8217;ambiente \u00e8 estremamente affascinante e la struttura \u00e8 sicuramente tra le pi\u00f9 ardite opere religiose.  Vi si venera la Madonna dell&#8217;Addolorata, rappresentata da una statua di pietra ritrovata fortunosamente sull&#8217;orlo dell&#8217;abisso nel 1522. Celebrazione della Santa Messa. Pranzo in ristorante. Nel primo pomeriggio partenza per il viaggio di trasferimento, sosta a Palmanova per un breve giro libero della \u0093citt\u00e0 fortezza\u0094 a forma di stella a nove punte. Arrivo a Grado sistemazione in albergo. Cena e notte.  \u00a0  <b style=\"mso-bidi-font-weight:\n normal\">2\u00b0 giorno luned\u00ec 24 aprile<\/b>  <b style=\"mso-bidi-font-weight:\n normal\">GRADO e l\u0092isola di Barbana e AQUILEIA\u00a0 <\/b>Km 12 + 12  Pensione completa in albergo. Giornata dedicata alle visite con guida. Mattino: a Grado, l\u0092isola del Sole ed escursione in motobarca all\u0092isola di Barbana per la S. Messa all\u0092antichissimo\u00a0 santuario mariano.\u00a0 Pranzo al ristorante . Nel pomeriggio visita <i style=\"mso-bidi-font-style:normal\">alla <b style=\"mso-bidi-font-weight:normal\">Basilica di Aquileia: <\/b>\u00a0mantiene le forme del XI secolo. La prima parte venne edificata nell&#8217;anno 313, successivamente all&#8217;editto di Costantino, per volont\u00e0 del Vescovo Teodoro<b style=\"mso-bidi-font-weight:normal\">. I mosaici<\/b>, in uno stato di conservazione eccezionale sia per ampiezza, che per completezza delle scene e interesse iconografico, si trovano nell&#8217;antica basilica di Aquileia, quella dei &#8220;battezzati\u0094.<\/i>  \u00a0  <b style=\"mso-bidi-font-weight:\n normal\">3\u00b0 giorno marted\u00ec 25 aprile <\/b>  <b style=\"mso-bidi-font-weight:\n normal\">AQUILEIA \u0096 VERONA <\/b>Km 217<b style=\"mso-bidi-font-weight:normal\"> \u0096 GENOVA <\/b>Km 287  Prima colazione e partenza presto al mattino per la Basilica di Aquileia per la Santa Messa.   Partenza per Verona e incontro con la guida\u00a0 visita del centro storico di Verona.   Alle ore 13.30 pranzo in ristorante a Verona. Nel pomeriggio partenza per il viaggio di rientro a Genova. Arrivo nella serata.  \u00a0  \u00a0  Quota di partecipazione : \u0080 309,00 <b style=\"mso-bidi-font-weight:normal\">in hotel 4 stelle<\/b>  \u00a0  Quota di iscrizione : \u0080 35,00  \u00a0  Supplemento camera singola : \u0080 80,00  \u00a0  Ingressi : bus navetta Spiazzi\/Santuario della Corona a\/\/r \u0080 3,00 \u0096 Verona: ingresso basilica Sant\u0092Anastasia \u00802,00, Chiesa di San Zeno \u00802,00, Casa di Giulietta \u0080 4,50  \u00a0  La quota comprende: viaggio in pullman ( con 2 autisti il viaggio di ritorno) .- albergo di cat 4 stelle in camere a due letti con bagno o doccia \u0096 vitto pensione completa dal pranzo del 1\u00b0 al pranzo del 3\u00b0 giorno ( i pranzi con bevande incluse) \u0096 visite con guida come da programma- ingressi ad Aquileia alla Cripta, il Battistero e il Campanile &#8211; battello Grado\/isola Barbana e v.v. \u0096 assicurazione sanitaria Allianz Global Assistance.  \u00a0  \u00a0  <b style=\"mso-bidi-font-weight:normal\">Organizzazione Tecnica <\/b><b style=\"mso-bidi-font-weight:normal\">L<\/b><b style=\"mso-bidi-font-weight:normal\">A <\/b><b style=\"mso-bidi-font-weight:normal\">V<\/b><b style=\"mso-bidi-font-weight:normal\">IA srl <\/b>  Polizza Assicurazione UnipolSai 1\/56760\/319\/124941613<\/div>\n","protected":false},"excerpt":{"rendered":"<p>1\u00b0 giorno domenica 23 aprile GENOVA \u0096 Santuario della Corona\u00a0 Km 316 \u0096 GRADO Km 353 Partenza presto al mattino, vi autostrada per il Santuario della madonna della Corona; il nome \u00e8 attribuito dalla &#8216;corona&#8217; di pareti rocciose che cinge il terrazzo inaccessibile a strapiombo sugli abissi, a 775 metri di quota sopra la Val [&hellip;]<\/p>\n","protected":false},"author":1,"featured_media":0,"comment_status":"closed","ping_status":"closed","sticky":false,"template":"","format":"standard","meta":{"_acf_changed":false,"footnotes":""},"categories":[17],"tags":[],"class_list":["post-290","post","type-post","status-publish","format-standard","hentry","category-pellegrinaggio-irc"],"acf":[],"_links":{"self":[{"href":"https:\/\/www.chiesadigenova.it\/scolastico\/wp-json\/wp\/v2\/posts\/290","targetHints":{"allow":["GET"]}}],"collection":[{"href":"https:\/\/www.chiesadigenova.it\/scolastico\/wp-json\/wp\/v2\/posts"}],"about":[{"href":"https:\/\/www.chiesadigenova.it\/scolastico\/wp-json\/wp\/v2\/types\/post"}],"author":[{"embeddable":true,"href":"https:\/\/www.chiesadigenova.it\/scolastico\/wp-json\/wp\/v2\/users\/1"}],"replies":[{"embeddable":true,"href":"https:\/\/www.chiesadigenova.it\/scolastico\/wp-json\/wp\/v2\/comments?post=290"}],"version-history":[{"count":0,"href":"https:\/\/www.chiesadigenova.it\/scolastico\/wp-json\/wp\/v2\/posts\/290\/revisions"}],"wp:attachment":[{"href":"https:\/\/www.chiesadigenova.it\/scolastico\/wp-json\/wp\/v2\/media?parent=290"}],"wp:term":[{"taxonomy":"category","embeddable":true,"href":"https:\/\/www.chiesadigenova.it\/scolastico\/wp-json\/wp\/v2\/categories?post=290"},{"taxonomy":"post_tag","embeddable":true,"href":"https:\/\/www.chiesadigenova.it\/scolastico\/wp-json\/wp\/v2\/tags?post=290"}],"curies":[{"name":"wp","href":"https:\/\/api.w.org\/{rel}","templated":true}]}}