{"id":218,"date":"2018-01-11T16:41:00","date_gmt":"2018-01-11T15:41:00","guid":{"rendered":"http:\/\/scolastico.chiesadigenova.it\/per-a-s-2018-19\/"},"modified":"2018-01-11T16:41:00","modified_gmt":"2018-01-11T15:41:00","slug":"per-a-s-2018-19","status":"publish","type":"post","link":"https:\/\/www.chiesadigenova.it\/scolastico\/per-a-s-2018-19\/","title":{"rendered":"per a.s. 2018-19"},"content":{"rendered":"<div>Cari studenti e cari genitori,<br >nelle prossime settimane si svolgeranno le iscrizioni on-line al primo anno dei percorsi scolastici che avete scelto.<br >Insieme alla scelta della scuola e dell\u0092indirizzo di studio, sarete chiamati ad effettuare anche la scelta di avvalersi o non avvalersi dell\u0092insegnamento della religione cattolica. \u00c8 proprio su quest\u0092ultima decisione che richiamiamo la vostra attenzione, perch\u00e9 si tratta di un\u0092occasione formativa importante che vi viene offerta per arricchire la vostra esperienza di crescita e per conoscere le radici cristiane della nostra cultura e della nostra societ\u00e0.<br >Anche se ormai questa procedura \u00e8 divenuta abituale, vogliamo invitarvi a riflettere sull\u0092importanza della scelta di una disciplina che nel tempo si \u00e8 confermata come una presenza significativa nella scuola, condivisa dalla stragrande maggioranza di famiglie e studenti.<br >A voi genitori desideriamo ricordare soprattutto il fatto che in questi ultimi anni l\u0092IRC ha continuato a rispondere in maniera adeguata e apprezzata ai grandi cambiamenti culturali e sociali che coinvolgono tutti i territori del nostro bel Paese.<br >I contenuti di questo insegnamento, declinati da specifiche Indicazioni didattiche, appaiono adeguati a rispondere efficacemente anche oggi alle domande pi\u00f9 profonde degli alunni di ogni et\u00e0, dalla scuola dell\u0092infanzia alla secondaria di secondo grado. La domanda religiosa \u00e8 un\u0092insopprimibile esigenza della persona umana e l\u0092insegnamento della religione cattolica intende aiutare a riflettere nel modo migliore su tali questioni, nel rispetto pi\u00f9 assoluto della libert\u00e0 di coscienza di ciascuno, in quanto principale valore da tutelare e promuovere per una vita aperta all\u0092incontro con l\u0092altro e gli altri. Anche Papa Francesco nei giorni scorsi ha ricordato che \u0093questa \u00e8 la missione alla quale \u00e8 orientata la famiglia: creare le condizioni favorevoli per la crescita armonica e piena dei figli, affinch\u00e9 possano vivere una vita buona, degna di Dio e costruttiva per il mondo\u0094 (Angelus nella Festa della Sacra Famiglia, 31 dicembre 2017).<br >A voi studenti desideriamo ricordare il diffuso apprezzamento che da anni accompagna la scelta di tale insegnamento. I vostri insegnanti di religione cattolica si sforzano ogni giorno per lavorare con passione e generosit\u00e0 nelle scuole italiane, sia statali che paritarie, sostenuti da un lato dal rigore degli studi compiuti e dall\u0092altro dalla stima dei colleghi e delle famiglie che ad essi affidano i loro figli.<br >Per tutti questi motivi, desideriamo rinnovare l\u0092invito ad avvalervi dell\u0092insegnamento della religione cattolica, sicuri che durante queste lezioni potrete trovare docenti e compagni di classe che vi sapranno accompagnare lungo un percorso di crescita umana e culturale, decisivo e fondamentale anche per il resto della vostra vita. <\/div>\n<div><br >Roma, 8 gennaio 2018<br >\u00a0\u00a0\u00a0\u00a0\u00a0\u00a0\u00a0\u00a0\u00a0\u00a0\u00a0\u00a0\u00a0\u00a0\u00a0\u00a0\u00a0\u00a0\u00a0\u00a0\u00a0\u00a0\u00a0\u00a0\u00a0\u00a0\u00a0\u00a0\u00a0\u00a0\u00a0\u00a0\u00a0\u00a0\u00a0\u00a0\u00a0\u00a0\u00a0\u00a0\u00a0\u00a0\u00a0\u00a0\u00a0\u00a0\u00a0\u00a0\u00a0\u00a0\u00a0\u00a0\u00a0\u00a0\u00a0\u00a0\u00a0\u00a0\u00a0\u00a0\u00a0\u00a0\u00a0\u00a0\u00a0\u00a0\u00a0\u00a0\u00a0\u00a0\u00a0\u00a0\u00a0\u00a0\u00a0\u00a0\u00a0\u00a0\u00a0\u00a0\u00a0\u00a0\u00a0\u00a0\u00a0\u00a0\u00a0\u00a0\u00a0\u00a0\u00a0\u00a0\u00a0\u00a0\u00a0\u00a0\u00a0\u00a0\u00a0\u00a0\u00a0 \u00a0 \u00a0 \u00a0 \u00a0 \u00a0 \u00a0 \u00a0 \u00a0 \u00a0 \u00a0 \u00a0 \u00a0 \u00a0 \u00a0 \u00a0 \u00a0 \u00a0 \u00a0 \u00a0 \u00a0 \u00a0 \u00a0 \u00a0 \u00a0 \u00a0 \u00a0 \u00a0 \u00a0 \u00a0 \u00a0 \u00a0 \u00a0 \u00a0 \u00a0 \u00a0 \u00a0 \u00a0 \u00a0 \u00a0 \u00a0 \u00a0 \u00a0 \u00a0 \u00a0 \u00a0 \u00a0 \u00a0 \u00a0 \u00a0 \u00a0 \u00a0 \u00a0 \u00a0 \u00a0 \u00a0 \u00a0 \u00a0 \u00a0 \u00a0 \u00a0 \u00a0 \u00a0 \u00a0 \u00a0 \u00a0 \u00a0 \u00a0 \u00a0 \u00a0 \u00a0 \u00a0 \u00a0\u00a0\u00a0 LA PRESIDENZA DELLA CONFERENZA EPISCOPALE ITALIANA<\/div>\n","protected":false},"excerpt":{"rendered":"<p>Cari studenti e cari genitori,nelle prossime settimane si svolgeranno le iscrizioni on-line al primo anno dei percorsi scolastici che avete scelto.Insieme alla scelta della scuola e dell\u0092indirizzo di studio, sarete chiamati ad effettuare anche la scelta di avvalersi o non avvalersi dell\u0092insegnamento della religione cattolica. \u00c8 proprio su quest\u0092ultima decisione che richiamiamo la vostra attenzione, [&hellip;]<\/p>\n","protected":false},"author":1,"featured_media":0,"comment_status":"closed","ping_status":"closed","sticky":false,"template":"","format":"standard","meta":{"_acf_changed":false,"footnotes":""},"categories":[6],"tags":[],"class_list":["post-218","post","type-post","status-publish","format-standard","hentry","category-messaggio-della-presidenza"],"acf":[],"_links":{"self":[{"href":"https:\/\/www.chiesadigenova.it\/scolastico\/wp-json\/wp\/v2\/posts\/218","targetHints":{"allow":["GET"]}}],"collection":[{"href":"https:\/\/www.chiesadigenova.it\/scolastico\/wp-json\/wp\/v2\/posts"}],"about":[{"href":"https:\/\/www.chiesadigenova.it\/scolastico\/wp-json\/wp\/v2\/types\/post"}],"author":[{"embeddable":true,"href":"https:\/\/www.chiesadigenova.it\/scolastico\/wp-json\/wp\/v2\/users\/1"}],"replies":[{"embeddable":true,"href":"https:\/\/www.chiesadigenova.it\/scolastico\/wp-json\/wp\/v2\/comments?post=218"}],"version-history":[{"count":0,"href":"https:\/\/www.chiesadigenova.it\/scolastico\/wp-json\/wp\/v2\/posts\/218\/revisions"}],"wp:attachment":[{"href":"https:\/\/www.chiesadigenova.it\/scolastico\/wp-json\/wp\/v2\/media?parent=218"}],"wp:term":[{"taxonomy":"category","embeddable":true,"href":"https:\/\/www.chiesadigenova.it\/scolastico\/wp-json\/wp\/v2\/categories?post=218"},{"taxonomy":"post_tag","embeddable":true,"href":"https:\/\/www.chiesadigenova.it\/scolastico\/wp-json\/wp\/v2\/tags?post=218"}],"curies":[{"name":"wp","href":"https:\/\/api.w.org\/{rel}","templated":true}]}}