{"id":216,"date":"2017-02-06T13:16:00","date_gmt":"2017-02-06T12:16:00","guid":{"rendered":"http:\/\/scolastico.chiesadigenova.it\/per-a-s-2017-18\/"},"modified":"2017-02-06T13:16:00","modified_gmt":"2017-02-06T12:16:00","slug":"per-a-s-2017-18","status":"publish","type":"post","link":"https:\/\/www.chiesadigenova.it\/scolastico\/per-a-s-2017-18\/","title":{"rendered":"per a.s. 2017-18"},"content":{"rendered":"<div>  Cari studenti e cari genitori,  in occasione dell\u0092iscrizione al prossimo anno scolastico, siete chiamati anche a scegliere se avvalervi o non avvalervi dell\u0092insegnamento della religione cattolica.  Da pi\u00f9 di trent\u0092anni si ripete questa richiesta che consente di mantenere o di escludere una parte significativa del curricolo di studio. \u00c8 infatti ben chiaro a tutti che questa scelta non \u00e8 una dichiarazione di appartenenza ad una religione, n\u00e9 \u00e8 un modo per influenzare la coscienza di qualcuno, ma vuole esprimere solo la richiesta alla scuola di voler essere istruiti anche su quei contenuti religiosi previsti dalle Indicazioni didattiche e che costituiscono una chiave di lettura fondamentale della realt\u00e0 in cui noi tutti oggi viviamo. Papa Francesco ripete spesso che stiamo vivendo non solo un\u0092epoca di cambiamenti e trasformazioni, ma proprio un \u0093cambiamento di epoca\u0094 e anche la societ\u00e0 italiana pu\u00f2 ormai definirsi plurale e multiculturale, ma la storia da cui veniamo \u00e8 un dato immodificabile e le tracce che in essa ha lasciato e continua ad offrire la Chiesa cattolica costituiscono un contributo alla crescita della societ\u00e0 di tutti.  In queste settimane, poi, \u00e8 stato pubblicato il volume <b style=\"mso-bidi-font-weight:normal\"><i style=\"mso-bidi-font-style:normal\">Una disciplina alla prova<\/i><\/b><i style=\"mso-bidi-font-style:normal\">. Quarta indagine nazionale sull\u0092insegnamento della religione nella scuola italiana a trent\u0092anni dalla revisione del Concordato<\/i>, che presenta la situazione dell\u0092IRC a partire dalle risposte a dei questionari molto articolati fornite da circa 3.000 insegnanti di religione e da oltre 20.000 studenti di ogni ordine e grado di scuola.  Il volto attuale dell\u0092IRC \u00e8 assai diverso da quello delineato dalla situazione sociale e culturale dell\u0092Italia del 1985, quando fu firmata la Prima Intesa sull\u0092IRC dopo la Revisione del Concordato. L\u0092indagine si colloca, infatti, a trent\u0092anni da quel nuovo modo di insegnare la religione cattolica e misura quanto si sia realizzato il dettato concordatario di collocare questa disciplina \u0093nel quadro delle finalit\u00e0 della scuola\u0094.  La \u0093prova\u0094 di cui parla il titolo del volume, infatti, \u00e8 quella della scolarizzazione della disciplina, cio\u00e8 della compatibilit\u00e0 dell\u0092IRC con finalit\u00e0 e metodi della scuola, e gli autori della ricerca ritengono che si tratti di una prova superata in maniera egregia.  All\u0092epoca della firma del nuovo Concordato pochi avrebbero scommesso sulla tenuta di questo insegnamento, che oggi invece mostra di essere ancora vitale, con un tasso di adesione globale di poco inferiore al 90% di tutti gli studenti italiani.  La ricerca ha anche verificato il sapere religioso degli studenti, rilevando che le cose vanno meno peggio di quanto si possa immaginare: le conoscenze bibliche, almeno sui contenuti fondamentali, sono buone; la consapevolezza etica degli studenti cresce col crescere dell\u0092et\u00e0; alcune conoscenze sulle altre religioni appaiono discrete.  \u00a0  Vi invitiamo, perci\u00f2, a compiere questa vostra scelta non solo a partire dalle vostre posizioni religiose e dalla consapevolezza del valore dell\u0092IRC, ma anche e soprattutto sulla base di una reale conoscenza dei contenuti propri di questa disciplina scolastica.  Avvalersi delle opportunit\u00e0 offerte dall\u0092insegnamento della religione cattolica a scuola permette inoltre di trovare negli insegnanti delle persone professionalmente molto qualificate, ma anche testimoni credibili di un impegno educativo autentico, pronti a cogliere gli interrogativi pi\u00f9 sinceri di ogni persona e ad accompagnare ciascuno nel suo personale ed autonomo percorso di crescita.  Ci auguriamo che possiate cogliere con generosit\u00e0 questa occasione di crescita, cos\u00ec da poter iniziare o continuare tra voi e con i vostri docenti un proficuo dialogo educativo.  Roma, 23 gennaio 2017  \u00a0  La Presidenza  della Conferenza Episcopale Italiana  <\/div>\n","protected":false},"excerpt":{"rendered":"<p>Cari studenti e cari genitori, in occasione dell\u0092iscrizione al prossimo anno scolastico, siete chiamati anche a scegliere se avvalervi o non avvalervi dell\u0092insegnamento della religione cattolica. Da pi\u00f9 di trent\u0092anni si ripete questa richiesta che consente di mantenere o di escludere una parte significativa del curricolo di studio. \u00c8 infatti ben chiaro a tutti che [&hellip;]<\/p>\n","protected":false},"author":1,"featured_media":0,"comment_status":"closed","ping_status":"closed","sticky":false,"template":"","format":"standard","meta":{"_acf_changed":false,"footnotes":""},"categories":[6],"tags":[],"class_list":["post-216","post","type-post","status-publish","format-standard","hentry","category-messaggio-della-presidenza"],"acf":[],"_links":{"self":[{"href":"https:\/\/www.chiesadigenova.it\/scolastico\/wp-json\/wp\/v2\/posts\/216","targetHints":{"allow":["GET"]}}],"collection":[{"href":"https:\/\/www.chiesadigenova.it\/scolastico\/wp-json\/wp\/v2\/posts"}],"about":[{"href":"https:\/\/www.chiesadigenova.it\/scolastico\/wp-json\/wp\/v2\/types\/post"}],"author":[{"embeddable":true,"href":"https:\/\/www.chiesadigenova.it\/scolastico\/wp-json\/wp\/v2\/users\/1"}],"replies":[{"embeddable":true,"href":"https:\/\/www.chiesadigenova.it\/scolastico\/wp-json\/wp\/v2\/comments?post=216"}],"version-history":[{"count":0,"href":"https:\/\/www.chiesadigenova.it\/scolastico\/wp-json\/wp\/v2\/posts\/216\/revisions"}],"wp:attachment":[{"href":"https:\/\/www.chiesadigenova.it\/scolastico\/wp-json\/wp\/v2\/media?parent=216"}],"wp:term":[{"taxonomy":"category","embeddable":true,"href":"https:\/\/www.chiesadigenova.it\/scolastico\/wp-json\/wp\/v2\/categories?post=216"},{"taxonomy":"post_tag","embeddable":true,"href":"https:\/\/www.chiesadigenova.it\/scolastico\/wp-json\/wp\/v2\/tags?post=216"}],"curies":[{"name":"wp","href":"https:\/\/api.w.org\/{rel}","templated":true}]}}