{"id":213,"date":"2016-02-11T16:53:00","date_gmt":"2016-02-11T15:53:00","guid":{"rendered":"http:\/\/scolastico.chiesadigenova.it\/per-a-s-2016-17\/"},"modified":"2016-02-11T16:53:00","modified_gmt":"2016-02-11T15:53:00","slug":"per-a-s-2016-17","status":"publish","type":"post","link":"https:\/\/www.chiesadigenova.it\/scolastico\/per-a-s-2016-17\/","title":{"rendered":"per a.s. 2016-17"},"content":{"rendered":"<div>Cari studenti e cari genitori,<br >in queste settimane si stanno svolgendo le iscrizioni on-line al primo anno dei percorsi scolastici<br >che avete scelto.<br >Insieme alla scelta della scuola e dell\u0092indirizzo di studio, dovr\u00e0 essere effettuata anche la scelta se<br >avvalersi o non avvalersi dell\u0092insegnamento della religione cattolica. \u00c8 proprio su quest\u0092ultima decisione<br >che richiamiamo la vostra attenzione, perch\u00e9 si tratta di un\u0092occasione formativa importante che vi viene<br >offerta per conoscere le radici cristiane della nostra cultura.<br >Sono ormai trascorsi trent\u0092anni da quando il nuovo insegnamento della religione cattolica,<br >ridefinito istituzionalmente dall\u0092Accordo di revisione del Concordato nel 1984, \u00e8 entrato nelle scuole<br >italiane confermandosi nel tempo come una presenza significativa, condivisa dalla stragrande<br >maggioranza di famiglie e studenti.<br >In questi ultimi anni, questa disciplina scolastica ha continuato a rispondere in maniera adeguata<br >e apprezzata ai grandi cambiamenti culturali e sociali che coinvolgono tutti i territori del nostro bel<br >Paese.<br >Anche quest\u0092anno, perci\u00f2, desideriamo invitarvi a rivolgervi con fiducia a questa importante<br >opportunit\u00e0 educativa che vi viene proposta.<br >I contenuti dell\u0092insegnamento sono stati recentemente aggiornati con specifiche Indicazioni<br >didattiche che cercano di rispondere efficacemente alle domande degli alunni di ogni et\u00e0, dalla scuola<br >dell\u0092infanzia alla secondaria di secondo grado. La domanda religiosa \u00e8 un insopprimibile esigenza della<br >persona umana e l\u0092insegnamento della religione cattolica intende aiutare a impostare nel modo migliore<br >tali domande, nel rispetto pi\u00f9 assoluto della libert\u00e0 di coscienza di ciascuno, che rimane il principale<br >valore da tutelare e promuovere.<br >Migliaia di insegnanti di religione cattolica ogni giorno lavorano con passione e generosit\u00e0 nelle<br >scuole italiane, sia statali che paritarie, sostenuti da un lato dal rigore degli studi compiuti e dall\u0092altro<br >dalla stima dei colleghi e delle famiglie che ad essi affidano i loro figli.<br >In un contesto scolastico in continua evoluzione, l\u0092insegnamento della religione cattolica pu\u00f2<br >essere un modo eccellente per completare la propria formazione personale e trovare un autorevole<br >punto di riferimento sulle pi\u00f9 delicate questioni di senso, sui problemi del mondo in cui viviamo,<br >sull\u0092interpretazione della realt\u00e0 religiosa sempre pi\u00f9 segnata dal pluralismo e dalla necessit\u00e0 di un<br >confronto aperto, continuo e consapevole delle rispettive posizioni e tradizioni.<br >Per tutti questi motivi, desideriamo rinnovare l\u0092invito ad avvalervi dell\u0092insegnamento della<br >religione cattolica, sicuri che durante queste lezioni potrete trovare docenti e compagni di classe che vi<br >sapranno accompagnare lungo un percorso di crescita umana e culturale molto importante anche per il<br >resto della vostra vita.<br >Roma, 25 gennaio 2016<br >LA PRESIDENZA<br >DELLA CONFERENZA EPISCOPALE ITALIANA<\/div>\n","protected":false},"excerpt":{"rendered":"<p>Cari studenti e cari genitori,in queste settimane si stanno svolgendo le iscrizioni on-line al primo anno dei percorsi scolasticiche avete scelto.Insieme alla scelta della scuola e dell\u0092indirizzo di studio, dovr\u00e0 essere effettuata anche la scelta seavvalersi o non avvalersi dell\u0092insegnamento della religione cattolica. \u00c8 proprio su quest\u0092ultima decisioneche richiamiamo la vostra attenzione, perch\u00e9 si tratta [&hellip;]<\/p>\n","protected":false},"author":1,"featured_media":214,"comment_status":"closed","ping_status":"closed","sticky":false,"template":"","format":"standard","meta":{"_acf_changed":false,"footnotes":""},"categories":[6],"tags":[],"class_list":["post-213","post","type-post","status-publish","format-standard","has-post-thumbnail","hentry","category-messaggio-della-presidenza"],"acf":[],"_links":{"self":[{"href":"https:\/\/www.chiesadigenova.it\/scolastico\/wp-json\/wp\/v2\/posts\/213","targetHints":{"allow":["GET"]}}],"collection":[{"href":"https:\/\/www.chiesadigenova.it\/scolastico\/wp-json\/wp\/v2\/posts"}],"about":[{"href":"https:\/\/www.chiesadigenova.it\/scolastico\/wp-json\/wp\/v2\/types\/post"}],"author":[{"embeddable":true,"href":"https:\/\/www.chiesadigenova.it\/scolastico\/wp-json\/wp\/v2\/users\/1"}],"replies":[{"embeddable":true,"href":"https:\/\/www.chiesadigenova.it\/scolastico\/wp-json\/wp\/v2\/comments?post=213"}],"version-history":[{"count":0,"href":"https:\/\/www.chiesadigenova.it\/scolastico\/wp-json\/wp\/v2\/posts\/213\/revisions"}],"wp:featuredmedia":[{"embeddable":true,"href":"https:\/\/www.chiesadigenova.it\/scolastico\/wp-json\/wp\/v2\/media\/214"}],"wp:attachment":[{"href":"https:\/\/www.chiesadigenova.it\/scolastico\/wp-json\/wp\/v2\/media?parent=213"}],"wp:term":[{"taxonomy":"category","embeddable":true,"href":"https:\/\/www.chiesadigenova.it\/scolastico\/wp-json\/wp\/v2\/categories?post=213"},{"taxonomy":"post_tag","embeddable":true,"href":"https:\/\/www.chiesadigenova.it\/scolastico\/wp-json\/wp\/v2\/tags?post=213"}],"curies":[{"name":"wp","href":"https:\/\/api.w.org\/{rel}","templated":true}]}}