{"id":179,"date":"2019-01-14T09:40:00","date_gmt":"2019-01-14T08:40:00","guid":{"rendered":"http:\/\/scolastico.chiesadigenova.it\/messaggio-della-presidenza-della-conferenza-episcopale-italiana-in-vista-della-scelta-di-avvalersi-dellinsegnamento-della-religione-cattolica-nella-s-2019-2020\/"},"modified":"2019-01-14T09:40:00","modified_gmt":"2019-01-14T08:40:00","slug":"messaggio-della-presidenza-della-conferenza-episcopale-italiana-in-vista-della-scelta-di-avvalersi-dellinsegnamento-della-religione-cattolica-nella-s-2019-2020","status":"publish","type":"post","link":"https:\/\/www.chiesadigenova.it\/scolastico\/messaggio-della-presidenza-della-conferenza-episcopale-italiana-in-vista-della-scelta-di-avvalersi-dellinsegnamento-della-religione-cattolica-nella-s-2019-2020\/","title":{"rendered":"Messaggio della Presidenza della Conferenza Episcopale Italiana in vista della scelta di avvalersi dell&#8217;insegnamento della religione cattolica nell&#8217;a.s. 2019-2020"},"content":{"rendered":"<div>Cari studenti e cari genitori,  si avvicina la scadenza per le iscrizioni al prossimo anno scolastico 2019-20, occasione nella quale sarete chiamati anche a scegliere se avvalervi o meno dell\u0092insegnamento della religione cattolica (IRC).  Frutto della revisione del Concordato del 1984, questo insegnamento si \u00e8 ormai consolidato come apprezzata componente del curricolo scolastico ed \u00e8 scelto da una maggioranza ancora cospicua di studenti e famiglie, che vi trovano risposta soprattutto in termini di formazione personale, di proposta educativa e di approfondimento culturale.   Nel cercare di rispondere sempre meglio a tali aspettative, gli insegnanti di religione cattolica potranno trovare ulteriori e importanti sollecitazioni dal Sinodo dei Vescovi che si \u00e8 concluso nelle scorse settimane e che \u00e8 stato dedicato proprio ai giovani, cui la Chiesa intende rivolgere un\u0092attenzione sempre maggiore.  Tra le numerose tematiche discusse, ci sembra importante evidenziare il richiamo legato alla domanda di ascolto che viene dal mondo giovanile. Scrivono infatti i Vescovi: \u00abI giovani sono chiamati a compiere continuamente scelte che orientano la loro esistenza; esprimono il desiderio di essere ascoltati, riconosciuti, accompagnati. Molti sperimentano come la loro voce non sia ritenuta interessante e utile in ambito sociale ed ecclesiale. In vari contesti si registra una scarsa attenzione al loro grido, in particolare a quello dei pi\u00f9 poveri e sfruttati, e anche la mancanza di adulti disponibili e capaci di ascoltare\u00bb (<i style=\"mso-bidi-font-style:normal\">Documento finale<\/i>, 27 ottobre 2018, 7).  Tale richiamo pu\u00f2 e deve interessare tutto il mondo della scuola, ma al suo interno l\u0092IRC intende essere proprio un\u0092occasione di ascolto delle domande pi\u00f9 profonde e autentiche degli alunni, da quelle pi\u00f9 ingenuamente radicali dei piccoli a quelle talora pi\u00f9 impertinenti degli adolescenti. Le indicazioni didattiche in vigore per l\u0092IRC danno ampio spazio a queste domande; a loro volta, gli insegnanti di religione cattolica sono preparati all\u0092ascolto, presupposto per sviluppare un confronto serio e culturalmente fondato.  Il Sinodo ha anche constatato che, \u00abse per molti giovani Dio, la religione e la Chiesa appaiono parole vuote, essi sono sensibili alla figura di Ges\u00f9, quando viene presentata in modo attraente ed efficace. In tanti modi anche i giovani di oggi ci dicono: \u0093Vogliamo vedere Ges\u00f9\u0094 (Gv\u00a012,21), manifestando cos\u00ec quella sana inquietudine che caratterizza il cuore di ogni essere umano: l\u0092inquietudine della ricerca spirituale, l\u0092inquietudine dell\u0092incontro con Dio, l\u0092inquietudine dell\u0092amore\u00bb (50).  L\u0092IRC \u00e8 il luogo pi\u00f9 specifico in cui, nel rigoroso rispetto delle finalit\u00e0 della scuola, si pu\u00f2 affrontare un discorso su Ges\u00f9. Come insegna papa Francesco, non si tratta di fare proselitismo, ma di offrire un\u0092occasione di confronto per lasciare che ognuno possa, nell\u0092intimo della propria coscienza, trovare risposte convincenti.  Ci auguriamo che anche quest\u0092anno siano numerosi gli alunni che continueranno a fruire di tale offerta educativa, finalizzata ad accompagnare e sostenere la loro piena formazione umana e culturale.  \u00a0  \u00a0  Roma, 18 dicembre 2018  LA PRESIDENZA  DELLA CONFERENZA EPISCOPALE ITALIANA  <\/div>\n","protected":false},"excerpt":{"rendered":"<p>Cari studenti e cari genitori, si avvicina la scadenza per le iscrizioni al prossimo anno scolastico 2019-20, occasione nella quale sarete chiamati anche a scegliere se avvalervi o meno dell\u0092insegnamento della religione cattolica (IRC). Frutto della revisione del Concordato del 1984, questo insegnamento si \u00e8 ormai consolidato come apprezzata componente del curricolo scolastico ed \u00e8 [&hellip;]<\/p>\n","protected":false},"author":1,"featured_media":180,"comment_status":"closed","ping_status":"closed","sticky":false,"template":"","format":"standard","meta":{"_acf_changed":false,"footnotes":""},"categories":[4],"tags":[],"class_list":["post-179","post","type-post","status-publish","format-standard","has-post-thumbnail","hentry","category-notizie"],"acf":[],"_links":{"self":[{"href":"https:\/\/www.chiesadigenova.it\/scolastico\/wp-json\/wp\/v2\/posts\/179","targetHints":{"allow":["GET"]}}],"collection":[{"href":"https:\/\/www.chiesadigenova.it\/scolastico\/wp-json\/wp\/v2\/posts"}],"about":[{"href":"https:\/\/www.chiesadigenova.it\/scolastico\/wp-json\/wp\/v2\/types\/post"}],"author":[{"embeddable":true,"href":"https:\/\/www.chiesadigenova.it\/scolastico\/wp-json\/wp\/v2\/users\/1"}],"replies":[{"embeddable":true,"href":"https:\/\/www.chiesadigenova.it\/scolastico\/wp-json\/wp\/v2\/comments?post=179"}],"version-history":[{"count":0,"href":"https:\/\/www.chiesadigenova.it\/scolastico\/wp-json\/wp\/v2\/posts\/179\/revisions"}],"wp:featuredmedia":[{"embeddable":true,"href":"https:\/\/www.chiesadigenova.it\/scolastico\/wp-json\/wp\/v2\/media\/180"}],"wp:attachment":[{"href":"https:\/\/www.chiesadigenova.it\/scolastico\/wp-json\/wp\/v2\/media?parent=179"}],"wp:term":[{"taxonomy":"category","embeddable":true,"href":"https:\/\/www.chiesadigenova.it\/scolastico\/wp-json\/wp\/v2\/categories?post=179"},{"taxonomy":"post_tag","embeddable":true,"href":"https:\/\/www.chiesadigenova.it\/scolastico\/wp-json\/wp\/v2\/tags?post=179"}],"curies":[{"name":"wp","href":"https:\/\/api.w.org\/{rel}","templated":true}]}}