{"id":176,"date":"2018-12-10T11:36:00","date_gmt":"2018-12-10T10:36:00","guid":{"rendered":"http:\/\/scolastico.chiesadigenova.it\/domenica-16-dicembre-2018-incontro-di-spiritualita-professionale-in-preparazione-al-s-natale-2018\/"},"modified":"2018-12-10T11:36:00","modified_gmt":"2018-12-10T10:36:00","slug":"domenica-16-dicembre-2018-incontro-di-spiritualita-professionale-in-preparazione-al-s-natale-2018","status":"publish","type":"post","link":"https:\/\/www.chiesadigenova.it\/scolastico\/domenica-16-dicembre-2018-incontro-di-spiritualita-professionale-in-preparazione-al-s-natale-2018\/","title":{"rendered":"Domenica 16 dicembre 2018 &#8211; Incontro di spiritualit\u00e0 professionale in preparazione al S. Natale 2018"},"content":{"rendered":"<div>\n<div>Come  oramai consuetudine nel periodo di Avvento, gli Insegnanti di Religione  dedicano una domenica che precede il S. Natale ad un incontro di  Spiritualit\u00e0 professionale.<\/div>\n<div> La sede \u00e8 nuovamente l&#8217;Istituto delle Suore Immacolatine in piazza Paolo Da Novi.<\/div>\n<div>Il programma \u00e8 il seguente:<\/div>\n<div style=\"font-family: arial; font-size: 13px; line-height: 20px;\">ore 9.45\u00a0\u00a0 accoglienza<\/div>\n<div style=\"font-family: arial; font-size: 13px; line-height: 20px;\">ore 10 &#8211; 11 \u00a0 meditazione guidata<\/div>\n<div style=\"font-family: arial; font-size: 13px; line-height: 20px;\">ore 11 &#8211; 11.15 \u00a0\u00a0 riflessione personale<\/div>\n<p>ore 11.15\u00a0\u00a0\u00a0 S. Messa<\/p><\/div>\n","protected":false},"excerpt":{"rendered":"<p>Come oramai consuetudine nel periodo di Avvento, gli Insegnanti di Religione dedicano una domenica che precede il S. Natale ad un incontro di Spiritualit\u00e0 professionale. La sede \u00e8 nuovamente l&#8217;Istituto delle Suore Immacolatine in piazza Paolo Da Novi. Il programma \u00e8 il seguente: ore 9.45\u00a0\u00a0 accoglienza ore 10 &#8211; 11 \u00a0 meditazione guidata ore 11 [&hellip;]<\/p>\n","protected":false},"author":1,"featured_media":177,"comment_status":"closed","ping_status":"closed","sticky":false,"template":"","format":"standard","meta":{"_acf_changed":false,"footnotes":""},"categories":[4],"tags":[],"class_list":["post-176","post","type-post","status-publish","format-standard","has-post-thumbnail","hentry","category-notizie"],"acf":[],"_links":{"self":[{"href":"https:\/\/www.chiesadigenova.it\/scolastico\/wp-json\/wp\/v2\/posts\/176","targetHints":{"allow":["GET"]}}],"collection":[{"href":"https:\/\/www.chiesadigenova.it\/scolastico\/wp-json\/wp\/v2\/posts"}],"about":[{"href":"https:\/\/www.chiesadigenova.it\/scolastico\/wp-json\/wp\/v2\/types\/post"}],"author":[{"embeddable":true,"href":"https:\/\/www.chiesadigenova.it\/scolastico\/wp-json\/wp\/v2\/users\/1"}],"replies":[{"embeddable":true,"href":"https:\/\/www.chiesadigenova.it\/scolastico\/wp-json\/wp\/v2\/comments?post=176"}],"version-history":[{"count":0,"href":"https:\/\/www.chiesadigenova.it\/scolastico\/wp-json\/wp\/v2\/posts\/176\/revisions"}],"wp:featuredmedia":[{"embeddable":true,"href":"https:\/\/www.chiesadigenova.it\/scolastico\/wp-json\/wp\/v2\/media\/177"}],"wp:attachment":[{"href":"https:\/\/www.chiesadigenova.it\/scolastico\/wp-json\/wp\/v2\/media?parent=176"}],"wp:term":[{"taxonomy":"category","embeddable":true,"href":"https:\/\/www.chiesadigenova.it\/scolastico\/wp-json\/wp\/v2\/categories?post=176"},{"taxonomy":"post_tag","embeddable":true,"href":"https:\/\/www.chiesadigenova.it\/scolastico\/wp-json\/wp\/v2\/tags?post=176"}],"curies":[{"name":"wp","href":"https:\/\/api.w.org\/{rel}","templated":true}]}}