{"id":159,"date":"2018-02-06T13:28:00","date_gmt":"2018-02-06T12:28:00","guid":{"rendered":"http:\/\/scolastico.chiesadigenova.it\/promemoria-corso-di-aggiornamento-per-insegnanti-di-religione-cattolica-e-altri-docenti-interessati-a-s-2017-18\/"},"modified":"2018-02-06T13:28:00","modified_gmt":"2018-02-06T12:28:00","slug":"promemoria-corso-di-aggiornamento-per-insegnanti-di-religione-cattolica-e-altri-docenti-interessati-a-s-2017-18","status":"publish","type":"post","link":"https:\/\/www.chiesadigenova.it\/scolastico\/promemoria-corso-di-aggiornamento-per-insegnanti-di-religione-cattolica-e-altri-docenti-interessati-a-s-2017-18\/","title":{"rendered":"PROMEMORIA Corso di Aggiornamento per Insegnanti di Religione Cattolica e altri Docenti interessati &#8211; a.s. 2017-18"},"content":{"rendered":"<div>Dopo una lunga pausa, riprende il Corso di Aggiornamento I.R.C.<\/div>\n<div>\u00a0<\/div>\n<div>La prima lezione dell&#8217;anno 2018 \u00e8 fissata per <strong>luned\u00ec 12 febbraio p.v. alle ore 17 presso la Sala Quadrivium<\/strong>, p.zza S. Marta n. 2 ed \u00e8 tenuta da <strong>don Bruno Bignami<\/strong>, Presidente della Fondazione Don Primo Mazzolari e vicedirettore  dell&#8217;Ufficio Naz.le per i Problemi sociali e il Lavoro, che tratter\u00e0 il tema: &#8220;Attualit\u00e0 del messaggio di Don Primo Mazzolari: una voce profetica per il Terzo Millennio&#8221;.<\/div>\n<div>\u00a0<\/div>\n","protected":false},"excerpt":{"rendered":"<p>Dopo una lunga pausa, riprende il Corso di Aggiornamento I.R.C. \u00a0 La prima lezione dell&#8217;anno 2018 \u00e8 fissata per luned\u00ec 12 febbraio p.v. alle ore 17 presso la Sala Quadrivium, p.zza S. Marta n. 2 ed \u00e8 tenuta da don Bruno Bignami, Presidente della Fondazione Don Primo Mazzolari e vicedirettore dell&#8217;Ufficio Naz.le per i Problemi [&hellip;]<\/p>\n","protected":false},"author":1,"featured_media":160,"comment_status":"closed","ping_status":"closed","sticky":false,"template":"","format":"standard","meta":{"_acf_changed":false,"footnotes":""},"categories":[4],"tags":[],"class_list":["post-159","post","type-post","status-publish","format-standard","has-post-thumbnail","hentry","category-notizie"],"acf":[],"_links":{"self":[{"href":"https:\/\/www.chiesadigenova.it\/scolastico\/wp-json\/wp\/v2\/posts\/159","targetHints":{"allow":["GET"]}}],"collection":[{"href":"https:\/\/www.chiesadigenova.it\/scolastico\/wp-json\/wp\/v2\/posts"}],"about":[{"href":"https:\/\/www.chiesadigenova.it\/scolastico\/wp-json\/wp\/v2\/types\/post"}],"author":[{"embeddable":true,"href":"https:\/\/www.chiesadigenova.it\/scolastico\/wp-json\/wp\/v2\/users\/1"}],"replies":[{"embeddable":true,"href":"https:\/\/www.chiesadigenova.it\/scolastico\/wp-json\/wp\/v2\/comments?post=159"}],"version-history":[{"count":0,"href":"https:\/\/www.chiesadigenova.it\/scolastico\/wp-json\/wp\/v2\/posts\/159\/revisions"}],"wp:featuredmedia":[{"embeddable":true,"href":"https:\/\/www.chiesadigenova.it\/scolastico\/wp-json\/wp\/v2\/media\/160"}],"wp:attachment":[{"href":"https:\/\/www.chiesadigenova.it\/scolastico\/wp-json\/wp\/v2\/media?parent=159"}],"wp:term":[{"taxonomy":"category","embeddable":true,"href":"https:\/\/www.chiesadigenova.it\/scolastico\/wp-json\/wp\/v2\/categories?post=159"},{"taxonomy":"post_tag","embeddable":true,"href":"https:\/\/www.chiesadigenova.it\/scolastico\/wp-json\/wp\/v2\/tags?post=159"}],"curies":[{"name":"wp","href":"https:\/\/api.w.org\/{rel}","templated":true}]}}