{"id":1553,"date":"2024-04-08T16:48:03","date_gmt":"2024-04-08T14:48:03","guid":{"rendered":"https:\/\/www.chiesadigenova.it\/scolastico\/?p=1553"},"modified":"2024-04-08T16:48:03","modified_gmt":"2024-04-08T14:48:03","slug":"lunedi-15-aprile-incontro-del-corso-di-aggiornamento-sullinsegnamento-della-religione-cattolica-e-educazione-civica-incontro-specifico-per-gli-insegnanti-sc-dellinfanzia-e","status":"publish","type":"post","link":"https:\/\/www.chiesadigenova.it\/scolastico\/lunedi-15-aprile-incontro-del-corso-di-aggiornamento-sullinsegnamento-della-religione-cattolica-e-educazione-civica-incontro-specifico-per-gli-insegnanti-sc-dellinfanzia-e\/","title":{"rendered":"Luned\u00ec 15 aprile incontro del Corso di aggiornamento sull\u2019Insegnamento della Religione Cattolica e Educazione Civica \u2013 Incontro specifico per gli insegnanti sc. dell\u2019Infanzia e sc. Primaria"},"content":{"rendered":"<p>Il prossimo appuntamento, e ultimo per gli insegnanti <u>della scuola dell\u2019Infanzia e della scuola Primaria<\/u>, del <em>Corso di Aggiornamento per Insegnanti di Religione Cattolica e altri Docenti interessati<\/em> \u00e8 fissato per <strong>luned\u00ec 15 aprile p.v. alle ore 17<\/strong> presso il Quadrivium, p.zza S. Marta 2.<\/p>\n<p>La prof.ssa Rossella Verri parler\u00e0 su: \u00ab<em>Insegnamento della Religione Cattolica ed Educazione Civica, una grande opportunit\u00e0 per rieducare alla ri-umanit\u00e0<\/em><em> \u00bb<\/em><em>.<\/em><\/p>\n<p>Si invitano i docenti di IRC di farne partecipi anche i colleghi interessati.<\/p>\n","protected":false},"excerpt":{"rendered":"<p>Il prossimo appuntamento, e ultimo per gli insegnanti della scuola dell\u2019Infanzia e della scuola Primaria, del Corso di Aggiornamento per Insegnanti di Religione Cattolica e altri Docenti interessati \u00e8 fissato per luned\u00ec 15 aprile p.v. alle ore 17 presso il Quadrivium, p.zza S. Marta 2. La prof.ssa Rossella Verri parler\u00e0 su: \u00abInsegnamento della Religione Cattolica [&hellip;]<\/p>\n","protected":false},"author":10,"featured_media":1555,"comment_status":"closed","ping_status":"closed","sticky":false,"template":"","format":"standard","meta":{"_acf_changed":false,"footnotes":""},"categories":[4],"tags":[],"class_list":["post-1553","post","type-post","status-publish","format-standard","has-post-thumbnail","hentry","category-notizie"],"acf":[],"_links":{"self":[{"href":"https:\/\/www.chiesadigenova.it\/scolastico\/wp-json\/wp\/v2\/posts\/1553","targetHints":{"allow":["GET"]}}],"collection":[{"href":"https:\/\/www.chiesadigenova.it\/scolastico\/wp-json\/wp\/v2\/posts"}],"about":[{"href":"https:\/\/www.chiesadigenova.it\/scolastico\/wp-json\/wp\/v2\/types\/post"}],"author":[{"embeddable":true,"href":"https:\/\/www.chiesadigenova.it\/scolastico\/wp-json\/wp\/v2\/users\/10"}],"replies":[{"embeddable":true,"href":"https:\/\/www.chiesadigenova.it\/scolastico\/wp-json\/wp\/v2\/comments?post=1553"}],"version-history":[{"count":1,"href":"https:\/\/www.chiesadigenova.it\/scolastico\/wp-json\/wp\/v2\/posts\/1553\/revisions"}],"predecessor-version":[{"id":1556,"href":"https:\/\/www.chiesadigenova.it\/scolastico\/wp-json\/wp\/v2\/posts\/1553\/revisions\/1556"}],"wp:featuredmedia":[{"embeddable":true,"href":"https:\/\/www.chiesadigenova.it\/scolastico\/wp-json\/wp\/v2\/media\/1555"}],"wp:attachment":[{"href":"https:\/\/www.chiesadigenova.it\/scolastico\/wp-json\/wp\/v2\/media?parent=1553"}],"wp:term":[{"taxonomy":"category","embeddable":true,"href":"https:\/\/www.chiesadigenova.it\/scolastico\/wp-json\/wp\/v2\/categories?post=1553"},{"taxonomy":"post_tag","embeddable":true,"href":"https:\/\/www.chiesadigenova.it\/scolastico\/wp-json\/wp\/v2\/tags?post=1553"}],"curies":[{"name":"wp","href":"https:\/\/api.w.org\/{rel}","templated":true}]}}