{"id":155,"date":"2018-01-15T16:38:00","date_gmt":"2018-01-15T15:38:00","guid":{"rendered":"http:\/\/scolastico.chiesadigenova.it\/lettera-di-mons-marco-doldi-vicario-generale-della-curia-arcivescovile-ai-genitori-per-la-scelta-dellora-di-religione-di-genova\/"},"modified":"2018-01-15T16:38:00","modified_gmt":"2018-01-15T15:38:00","slug":"lettera-di-mons-marco-doldi-vicario-generale-della-curia-arcivescovile-ai-genitori-per-la-scelta-dellora-di-religione-di-genova","status":"publish","type":"post","link":"https:\/\/www.chiesadigenova.it\/scolastico\/lettera-di-mons-marco-doldi-vicario-generale-della-curia-arcivescovile-ai-genitori-per-la-scelta-dellora-di-religione-di-genova\/","title":{"rendered":"Lettera di Mons. Marco Doldi, Vicario Generale della Curia Arcivescovile, ai Genitori per la scelta dell&#8217;Ora di Religione di Genova"},"content":{"rendered":"<div>Cari Genitori,<\/div>\n<div>\u00a0<\/div>\n<div>cominciano le iscrizioni per il prossimo anno scolastico e, in questa occasione, siete invitati a scegliere se avvalersi o non avvalersi dell&#8217; insegnamento della religione cattolica.<\/div>\n<div>\u00a0<\/div>\n<div>La Chiesa italiana, attraverso la voce dei suoi Pastori, vi chiede di scegliere con fiducia questa importante opportunit\u00e0 educativa.<\/div>\n<div>\u00a0<\/div>\n<div>Il Cristianesimo ha segnato profondamente la nostra cultura: non c&#8217;\u00e8 borgo, paese, citt\u00e0 che non manifesti nell&#8217;arte, con l&#8217;urbanistica, nella musica, nella letteratura, nelle feste, le radici della fede. E, anche oggi, esso continua ad offrire il proprio contributo spingendo le nuove generazioni ad affrontare i grandi temi dell&#8217;esistenza: la vita e il limite; la libert\u00e0 e la solidariet\u00e0; il progresso e la responsabilit\u00e0; i diritti gli impegni civili.<\/div>\n<div>\u00a0<\/div>\n<div>Inoltre, la Chiesa italiana, nel decennio 2010-2020, \u00e8 impegnata nell&#8217;ambito dell&#8217;educazione e della scuola al fine di intensificare la sua presenza attraverso i cristiani che vi operano: genitori, studenti, docenti, personale scolastico.<\/div>\n<div>\u00a0<\/div>\n<div>L&#8217;Arcidiocesi di Genova propone a parrocchie ed aggregazioni una piccola traccia per animare momenti di incontro sul mondo della scuola.<\/div>\n<div>\u00a0<\/div>\n<div>Siamo tutti impegnati a sostenere la scuola nel suo compito di trasmettere il patrimonio culturale, elaborato nel passato, nel leggere con discernimento il presente e nel far acquisire competenze per costruire il nostro futuro.<\/div>\n<div>\u00a0<\/div>\n","protected":false},"excerpt":{"rendered":"<p>Cari Genitori, \u00a0 cominciano le iscrizioni per il prossimo anno scolastico e, in questa occasione, siete invitati a scegliere se avvalersi o non avvalersi dell&#8217; insegnamento della religione cattolica. \u00a0 La Chiesa italiana, attraverso la voce dei suoi Pastori, vi chiede di scegliere con fiducia questa importante opportunit\u00e0 educativa. \u00a0 Il Cristianesimo ha segnato profondamente [&hellip;]<\/p>\n","protected":false},"author":1,"featured_media":156,"comment_status":"closed","ping_status":"closed","sticky":false,"template":"","format":"standard","meta":{"_acf_changed":false,"footnotes":""},"categories":[4],"tags":[],"class_list":["post-155","post","type-post","status-publish","format-standard","has-post-thumbnail","hentry","category-notizie"],"acf":[],"_links":{"self":[{"href":"https:\/\/www.chiesadigenova.it\/scolastico\/wp-json\/wp\/v2\/posts\/155","targetHints":{"allow":["GET"]}}],"collection":[{"href":"https:\/\/www.chiesadigenova.it\/scolastico\/wp-json\/wp\/v2\/posts"}],"about":[{"href":"https:\/\/www.chiesadigenova.it\/scolastico\/wp-json\/wp\/v2\/types\/post"}],"author":[{"embeddable":true,"href":"https:\/\/www.chiesadigenova.it\/scolastico\/wp-json\/wp\/v2\/users\/1"}],"replies":[{"embeddable":true,"href":"https:\/\/www.chiesadigenova.it\/scolastico\/wp-json\/wp\/v2\/comments?post=155"}],"version-history":[{"count":0,"href":"https:\/\/www.chiesadigenova.it\/scolastico\/wp-json\/wp\/v2\/posts\/155\/revisions"}],"wp:featuredmedia":[{"embeddable":true,"href":"https:\/\/www.chiesadigenova.it\/scolastico\/wp-json\/wp\/v2\/media\/156"}],"wp:attachment":[{"href":"https:\/\/www.chiesadigenova.it\/scolastico\/wp-json\/wp\/v2\/media?parent=155"}],"wp:term":[{"taxonomy":"category","embeddable":true,"href":"https:\/\/www.chiesadigenova.it\/scolastico\/wp-json\/wp\/v2\/categories?post=155"},{"taxonomy":"post_tag","embeddable":true,"href":"https:\/\/www.chiesadigenova.it\/scolastico\/wp-json\/wp\/v2\/tags?post=155"}],"curies":[{"name":"wp","href":"https:\/\/api.w.org\/{rel}","templated":true}]}}