{"id":149,"date":"2017-11-08T09:20:00","date_gmt":"2017-11-08T08:20:00","guid":{"rendered":"http:\/\/scolastico.chiesadigenova.it\/importante-variazione-data-lezione-corso-di-aggiornamento-i-r-c-a-s-2017-18\/"},"modified":"2017-11-08T09:20:00","modified_gmt":"2017-11-08T08:20:00","slug":"importante-variazione-data-lezione-corso-di-aggiornamento-i-r-c-a-s-2017-18","status":"publish","type":"post","link":"https:\/\/www.chiesadigenova.it\/scolastico\/importante-variazione-data-lezione-corso-di-aggiornamento-i-r-c-a-s-2017-18\/","title":{"rendered":"IMPORTANTE: variazione data lezione Corso di Aggiornamento I.R.C. &#8211; a.s. 2017\/18"},"content":{"rendered":"<div>La lezione del Corso di Aggiornamento I.R.C. a.s. 2017\/18 di <strong>S.E. Rev.ma Mons. Nicol\u00f2 ANSELMI<\/strong>, fissata nella prima stesura del pieghevole<strong> <\/strong>per<strong> gioved\u00ec 9 novembre p.v.,<\/strong> \u00e8 stata posticipata a <strong>gioved\u00ec 16 novembre 2017<\/strong>, sempre con sede al Quadrivium, sempre alle ore 17.<\/div>\n","protected":false},"excerpt":{"rendered":"<p>La lezione del Corso di Aggiornamento I.R.C. a.s. 2017\/18 di S.E. Rev.ma Mons. Nicol\u00f2 ANSELMI, fissata nella prima stesura del pieghevole per gioved\u00ec 9 novembre p.v., \u00e8 stata posticipata a gioved\u00ec 16 novembre 2017, sempre con sede al Quadrivium, sempre alle ore 17.<\/p>\n","protected":false},"author":1,"featured_media":150,"comment_status":"closed","ping_status":"closed","sticky":false,"template":"","format":"standard","meta":{"_acf_changed":false,"footnotes":""},"categories":[4],"tags":[],"class_list":["post-149","post","type-post","status-publish","format-standard","has-post-thumbnail","hentry","category-notizie"],"acf":[],"_links":{"self":[{"href":"https:\/\/www.chiesadigenova.it\/scolastico\/wp-json\/wp\/v2\/posts\/149","targetHints":{"allow":["GET"]}}],"collection":[{"href":"https:\/\/www.chiesadigenova.it\/scolastico\/wp-json\/wp\/v2\/posts"}],"about":[{"href":"https:\/\/www.chiesadigenova.it\/scolastico\/wp-json\/wp\/v2\/types\/post"}],"author":[{"embeddable":true,"href":"https:\/\/www.chiesadigenova.it\/scolastico\/wp-json\/wp\/v2\/users\/1"}],"replies":[{"embeddable":true,"href":"https:\/\/www.chiesadigenova.it\/scolastico\/wp-json\/wp\/v2\/comments?post=149"}],"version-history":[{"count":0,"href":"https:\/\/www.chiesadigenova.it\/scolastico\/wp-json\/wp\/v2\/posts\/149\/revisions"}],"wp:featuredmedia":[{"embeddable":true,"href":"https:\/\/www.chiesadigenova.it\/scolastico\/wp-json\/wp\/v2\/media\/150"}],"wp:attachment":[{"href":"https:\/\/www.chiesadigenova.it\/scolastico\/wp-json\/wp\/v2\/media?parent=149"}],"wp:term":[{"taxonomy":"category","embeddable":true,"href":"https:\/\/www.chiesadigenova.it\/scolastico\/wp-json\/wp\/v2\/categories?post=149"},{"taxonomy":"post_tag","embeddable":true,"href":"https:\/\/www.chiesadigenova.it\/scolastico\/wp-json\/wp\/v2\/tags?post=149"}],"curies":[{"name":"wp","href":"https:\/\/api.w.org\/{rel}","templated":true}]}}