{"id":142,"date":"2017-04-11T11:19:00","date_gmt":"2017-04-11T09:19:00","guid":{"rendered":"http:\/\/scolastico.chiesadigenova.it\/arriva-papa-francesco\/"},"modified":"2017-04-11T11:19:00","modified_gmt":"2017-04-11T09:19:00","slug":"arriva-papa-francesco","status":"publish","type":"post","link":"https:\/\/www.chiesadigenova.it\/scolastico\/arriva-papa-francesco\/","title":{"rendered":"&#8230;arriva Papa Francesco."},"content":{"rendered":"<div>  <b style=\"mso-bidi-font-weight:normal\">Gli INSEGNANTI sono invitati gioved\u00ec 20 aprile per l\u0092Adorazione Eucaristica presso la chiesa di S. Marta. La preghiera si svolger\u00e0 secondo questo programma: ore 18 Vespri; ore 18.45 S. Messa con meditazione celebrata da don Bruno Sopranzi, Direttore dell\u0092Ufficio Educazione e Scuola; ore 19.15 \u0096 21.00 Adorazione Eucaristica.<\/b>  Papa Francesco sar\u00e0\u00a0 a Genova il prossimo 27 maggio. La Diocesi di Genova ha organizzato tre \u0093momenti\u0094 in preparazione alla sua venuta.  <b style=\"mso-bidi-font-weight:normal\">1. Adorazione eucaristica<\/b> settimanale nella chiesa di Santa Marta ogni gioved\u00ec con termine gioved\u00ec 18 maggio con la preghiera presso la Cattedrale di S. Lorenzo. L\u0092adorazione \u00e8 animata da diverse realt\u00e0 ecclesiali della Diocesi.   <b style=\"mso-bidi-font-weight:\n normal\">2. Venerd\u00ec 5 maggio<\/b> a Palazzo Ducale, nella sala del Maggior Consiglio, alle ore 20.30 ci sar\u00e0 un incontro aperto alla Citt\u00e0 sul ministero petrino.  All\u0092evento, al quale sar\u00e0 presente il Cardinale Arcivescovo interveranno: Sua Eminenza il Card. Domenico Calcagno &#8211; genovese \u0096 che tratter\u00e0 \u0093<i style=\"mso-bidi-font-style:normal\">Figura e ministero del Papa nella Chiesa e nel mondo. Ricordi ed incontri\u0094<\/i> e il Dott. Umberto Folena &#8211; editorialista del quotidiano Avvenire \u0096 che tratter\u00e0 <i style=\"mso-bidi-font-style:normal\">\u0093Le fatiche di Pietro. Fare il Papa nel terzo Millennio\u0094.<\/i>  Nell\u0092ambito della serata ci saranno alcuni momenti musicali offerti dalla Cappella Musicale della Cattedrale.  <b style=\"mso-bidi-font-weight:normal\">3. <\/b>Il <b style=\"mso-bidi-font-weight:normal\">7 maggio<\/b> sar\u00e0 la <b style=\"mso-bidi-font-weight:\n normal\">Domenica del Buon Pastore<\/b>. In tutte le parrocchie, nelle chiese e nelle comunit\u00e0, si pregher\u00e0 per la visita del Papa. Sar\u00e0 letto il messaggio del cardinale Arcivescovo di invito ai genovesi ad accogliere con fede e con gioia la visita del Santo Padre. Saranno preparate monizioni liturgiche e intenzioni per le preghiere dei fedeli.  <\/div>\n","protected":false},"excerpt":{"rendered":"<p>Gli INSEGNANTI sono invitati gioved\u00ec 20 aprile per l\u0092Adorazione Eucaristica presso la chiesa di S. Marta. La preghiera si svolger\u00e0 secondo questo programma: ore 18 Vespri; ore 18.45 S. Messa con meditazione celebrata da don Bruno Sopranzi, Direttore dell\u0092Ufficio Educazione e Scuola; ore 19.15 \u0096 21.00 Adorazione Eucaristica. Papa Francesco sar\u00e0\u00a0 a Genova il prossimo [&hellip;]<\/p>\n","protected":false},"author":1,"featured_media":143,"comment_status":"closed","ping_status":"closed","sticky":false,"template":"","format":"standard","meta":{"_acf_changed":false,"footnotes":""},"categories":[4],"tags":[],"class_list":["post-142","post","type-post","status-publish","format-standard","has-post-thumbnail","hentry","category-notizie"],"acf":[],"_links":{"self":[{"href":"https:\/\/www.chiesadigenova.it\/scolastico\/wp-json\/wp\/v2\/posts\/142","targetHints":{"allow":["GET"]}}],"collection":[{"href":"https:\/\/www.chiesadigenova.it\/scolastico\/wp-json\/wp\/v2\/posts"}],"about":[{"href":"https:\/\/www.chiesadigenova.it\/scolastico\/wp-json\/wp\/v2\/types\/post"}],"author":[{"embeddable":true,"href":"https:\/\/www.chiesadigenova.it\/scolastico\/wp-json\/wp\/v2\/users\/1"}],"replies":[{"embeddable":true,"href":"https:\/\/www.chiesadigenova.it\/scolastico\/wp-json\/wp\/v2\/comments?post=142"}],"version-history":[{"count":0,"href":"https:\/\/www.chiesadigenova.it\/scolastico\/wp-json\/wp\/v2\/posts\/142\/revisions"}],"wp:featuredmedia":[{"embeddable":true,"href":"https:\/\/www.chiesadigenova.it\/scolastico\/wp-json\/wp\/v2\/media\/143"}],"wp:attachment":[{"href":"https:\/\/www.chiesadigenova.it\/scolastico\/wp-json\/wp\/v2\/media?parent=142"}],"wp:term":[{"taxonomy":"category","embeddable":true,"href":"https:\/\/www.chiesadigenova.it\/scolastico\/wp-json\/wp\/v2\/categories?post=142"},{"taxonomy":"post_tag","embeddable":true,"href":"https:\/\/www.chiesadigenova.it\/scolastico\/wp-json\/wp\/v2\/tags?post=142"}],"curies":[{"name":"wp","href":"https:\/\/api.w.org\/{rel}","templated":true}]}}