{"id":1390,"date":"2023-09-14T10:14:19","date_gmt":"2023-09-14T08:14:19","guid":{"rendered":"https:\/\/www.chiesadigenova.it\/scolastico\/?p=1390"},"modified":"2023-09-14T10:14:19","modified_gmt":"2023-09-14T08:14:19","slug":"messaggio-dellarcivescovo-per-linizio-dellanno-scolastico-2023-24","status":"publish","type":"post","link":"https:\/\/www.chiesadigenova.it\/scolastico\/messaggio-dellarcivescovo-per-linizio-dellanno-scolastico-2023-24\/","title":{"rendered":"Messaggio dell&#8217;Arcivescovo per l&#8217;inizio dell&#8217;anno scolastico 2023\/24"},"content":{"rendered":"<p>Un nuovo anno scolastico: per i piccoli \u00e8 un vero inizio, per altri un ricominciare, per qualcuno un riprendere ci\u00f2 che si \u00e8 interrotto. Non \u00e8 solo un fatto del calendario ma si tratta di vita: vita vera per i nostri giovani, vita vera delle nostre famiglie, vita vera per migliaia di lavoratori. La scuola \u00e8 prima di tutto esperienza di vita, con tutte le sue bellezze ma anche con tutte le sue sofferenze.<\/p>\n<p>Abbiamo a cuore la scuola, perch\u00e9 \u00e8 la realt\u00e0 che fa incontrare le generazioni del futuro, perch\u00e9 \u00e8 la realt\u00e0 che si pone a fianco di tutte le famiglie per aiutare i pi\u00f9 piccoli a guardare al domani, perch\u00e9 \u00e8 la realt\u00e0 che richiede a molti dei suoi lavoratori, gli insegnanti, di svolgere la professione mettendo in gioco prima il loro essere e poi le competenze, prima il loro cuore e poi l\u2019intelligenza, perch\u00e9 \u00e8 la realt\u00e0 che richiede relazioni di accoglienza, rispetto, amore.<\/p>\n<p>Abbiamo a cuore la scuola perch\u00e9 crediamo possa aiutare a superare quella violenza che se stiamo alle cronache dei nostri giorni sembra avvolgere il mondo giovanile in modo quasi irrimediabile, ma noi invece abbiamo fiducia nei giovani e nella loro capacit\u00e0 di vivere incontri positivi e di crescere per costruire un domani migliore del mondo che noi adulti stiamo consegnando loro.<\/p>\n<p>Abbiamo a cuore la scuola perch\u00e9 \u00e8 uno spaccato vero della societ\u00e0, perch\u00e9 insegna a camminare insieme affinch\u00e9 nessuno rimanga escluso.<\/p>\n<p>Mi piacerebbe entrare in ogni classe e portare il mio saluto a tutti. In quest\u2019anno che ricorre il centenario della nascita di don Milani, che ha impegnato la sua vita per una scuola aperta a tutti e ha fatto suo il motto che conosciamo <em>\u201cI Care\u201d mi impegno, mi interessa, mi sta a cuore<\/em> \u2026.. noi vorremmo dire a tutti gli alunni, ai docenti e al personale, proprio a tutti\u2026\u2026. anche a noi interessa la scuola e ci impegniamo, nel rispetto delle competenze di ogni istituzione, per essa, perch\u00e9 sia sempre pi\u00f9 rispondente al tempo che ci \u00e8 dato di vivere, sempre pi\u00f9 luogo capace di insegnare ad innamorarsi della umanit\u00e0, soprattutto quando \u00e8 debole e capace di guardare al futuro, soprattutto quando sembra incerto, sempre pi\u00f9 realt\u00e0 viva che riesca a donare ogni giorno la speranza, nelle persone, nella realt\u00e0, nel domani di tutti.<\/p>\n<p>Buon anno scolastico a tutti<\/p>\n<p style=\"text-align: right;\"><strong>p. Marco Tasca<br \/>\n<\/strong><strong><em>Arcivescovo<\/em><\/strong><\/p>\n<p>&nbsp;<\/p>\n<p><iframe loading=\"lazy\" title=\"Messaggio dell&#039;Arcivescovo per l&#039;inizio dell&#039;anno scolastico 2023\/24\" width=\"500\" height=\"281\" src=\"https:\/\/www.youtube.com\/embed\/jXqUG47n6uM?feature=oembed\" frameborder=\"0\" allow=\"accelerometer; autoplay; clipboard-write; encrypted-media; gyroscope; picture-in-picture; web-share\" referrerpolicy=\"strict-origin-when-cross-origin\" allowfullscreen><\/iframe><\/p>\n","protected":false},"excerpt":{"rendered":"<p>Un nuovo anno scolastico: per i piccoli \u00e8 un vero inizio, per altri un ricominciare, per qualcuno un riprendere ci\u00f2 che si \u00e8 interrotto. Non \u00e8 solo un fatto del calendario ma si tratta di vita: vita vera per i nostri giovani, vita vera delle nostre famiglie, vita vera per migliaia di lavoratori. La scuola [&hellip;]<\/p>\n","protected":false},"author":22,"featured_media":1391,"comment_status":"closed","ping_status":"closed","sticky":false,"template":"","format":"standard","meta":{"_acf_changed":false,"footnotes":""},"categories":[4],"tags":[],"class_list":["post-1390","post","type-post","status-publish","format-standard","has-post-thumbnail","hentry","category-notizie"],"acf":[],"_links":{"self":[{"href":"https:\/\/www.chiesadigenova.it\/scolastico\/wp-json\/wp\/v2\/posts\/1390","targetHints":{"allow":["GET"]}}],"collection":[{"href":"https:\/\/www.chiesadigenova.it\/scolastico\/wp-json\/wp\/v2\/posts"}],"about":[{"href":"https:\/\/www.chiesadigenova.it\/scolastico\/wp-json\/wp\/v2\/types\/post"}],"author":[{"embeddable":true,"href":"https:\/\/www.chiesadigenova.it\/scolastico\/wp-json\/wp\/v2\/users\/22"}],"replies":[{"embeddable":true,"href":"https:\/\/www.chiesadigenova.it\/scolastico\/wp-json\/wp\/v2\/comments?post=1390"}],"version-history":[{"count":1,"href":"https:\/\/www.chiesadigenova.it\/scolastico\/wp-json\/wp\/v2\/posts\/1390\/revisions"}],"predecessor-version":[{"id":1392,"href":"https:\/\/www.chiesadigenova.it\/scolastico\/wp-json\/wp\/v2\/posts\/1390\/revisions\/1392"}],"wp:featuredmedia":[{"embeddable":true,"href":"https:\/\/www.chiesadigenova.it\/scolastico\/wp-json\/wp\/v2\/media\/1391"}],"wp:attachment":[{"href":"https:\/\/www.chiesadigenova.it\/scolastico\/wp-json\/wp\/v2\/media?parent=1390"}],"wp:term":[{"taxonomy":"category","embeddable":true,"href":"https:\/\/www.chiesadigenova.it\/scolastico\/wp-json\/wp\/v2\/categories?post=1390"},{"taxonomy":"post_tag","embeddable":true,"href":"https:\/\/www.chiesadigenova.it\/scolastico\/wp-json\/wp\/v2\/tags?post=1390"}],"curies":[{"name":"wp","href":"https:\/\/api.w.org\/{rel}","templated":true}]}}