{"id":131,"date":"2017-01-30T12:39:00","date_gmt":"2017-01-30T11:39:00","guid":{"rendered":"http:\/\/scolastico.chiesadigenova.it\/promemoria-corso-di-aggiornamento-per-insegnanti-di-religione-cattolica-e-altri-docenti-interessati-a-s-2016-17\/"},"modified":"2017-01-30T12:39:00","modified_gmt":"2017-01-30T11:39:00","slug":"promemoria-corso-di-aggiornamento-per-insegnanti-di-religione-cattolica-e-altri-docenti-interessati-a-s-2016-17","status":"publish","type":"post","link":"https:\/\/www.chiesadigenova.it\/scolastico\/promemoria-corso-di-aggiornamento-per-insegnanti-di-religione-cattolica-e-altri-docenti-interessati-a-s-2016-17\/","title":{"rendered":"PROMEMORIA Corso di Aggiornamento per Insegnanti di Religione Cattolica e altri Docenti interessati &#8211; a.s. 2016-17"},"content":{"rendered":"<div>Dopo una lunga pausa, riprende il Corso di aggiornamento I.R.C.   La prima lezione dell\u0092anno 2017, <b style=\"mso-bidi-font-weight:normal\">RISERVATA agli insegnanti della scuola dell\u0092Infanzia e scuola Primaria, <\/b>\u00e8 fissata per \u00a0<b style=\"mso-bidi-font-weight:normal\">luned\u00ec 13 febbraio p.v. alle ore 17<\/b> presso la Sala Quadrivium, p.zza S. Marta n. 2 ed \u00e8 tenuta dalla Prof.ssa Carmela Benevento, Docente IRC, che tratter\u00e0 il tema: <i style=\"mso-bidi-font-style:normal\">&#8220;Il mio Dio, il tuo Dio: possiamo parlarne?&#8221;.<\/i>  Successivamente,<b style=\"mso-bidi-font-weight:normal\"> gioved\u00ec 16 febbraio alle ore 17<\/b>, si terr\u00e0 , invece,\u00a0 la lezione<b style=\"mso-bidi-font-weight:normal\"> \u00a0RISERVATA agli insegnanti della scuola Secondaria di I\u00b0 e II\u00b0 grado. <\/b>Il Prof. Luigi Baldi, Docente di Filosofia presso la Facolt\u00e0 Teologica del Seminario di Genova e Docente di Filosofia e Storia nella scuola secondaria di II\u00b0 grado, tratter\u00e0 lo stesso tema della collega che lo ha preceduto.  <\/div>\n","protected":false},"excerpt":{"rendered":"<p>Dopo una lunga pausa, riprende il Corso di aggiornamento I.R.C. La prima lezione dell\u0092anno 2017, RISERVATA agli insegnanti della scuola dell\u0092Infanzia e scuola Primaria, \u00e8 fissata per \u00a0luned\u00ec 13 febbraio p.v. alle ore 17 presso la Sala Quadrivium, p.zza S. Marta n. 2 ed \u00e8 tenuta dalla Prof.ssa Carmela Benevento, Docente IRC, che tratter\u00e0 il [&hellip;]<\/p>\n","protected":false},"author":1,"featured_media":132,"comment_status":"closed","ping_status":"closed","sticky":false,"template":"","format":"standard","meta":{"_acf_changed":false,"footnotes":""},"categories":[4],"tags":[],"class_list":["post-131","post","type-post","status-publish","format-standard","has-post-thumbnail","hentry","category-notizie"],"acf":[],"_links":{"self":[{"href":"https:\/\/www.chiesadigenova.it\/scolastico\/wp-json\/wp\/v2\/posts\/131","targetHints":{"allow":["GET"]}}],"collection":[{"href":"https:\/\/www.chiesadigenova.it\/scolastico\/wp-json\/wp\/v2\/posts"}],"about":[{"href":"https:\/\/www.chiesadigenova.it\/scolastico\/wp-json\/wp\/v2\/types\/post"}],"author":[{"embeddable":true,"href":"https:\/\/www.chiesadigenova.it\/scolastico\/wp-json\/wp\/v2\/users\/1"}],"replies":[{"embeddable":true,"href":"https:\/\/www.chiesadigenova.it\/scolastico\/wp-json\/wp\/v2\/comments?post=131"}],"version-history":[{"count":0,"href":"https:\/\/www.chiesadigenova.it\/scolastico\/wp-json\/wp\/v2\/posts\/131\/revisions"}],"wp:featuredmedia":[{"embeddable":true,"href":"https:\/\/www.chiesadigenova.it\/scolastico\/wp-json\/wp\/v2\/media\/132"}],"wp:attachment":[{"href":"https:\/\/www.chiesadigenova.it\/scolastico\/wp-json\/wp\/v2\/media?parent=131"}],"wp:term":[{"taxonomy":"category","embeddable":true,"href":"https:\/\/www.chiesadigenova.it\/scolastico\/wp-json\/wp\/v2\/categories?post=131"},{"taxonomy":"post_tag","embeddable":true,"href":"https:\/\/www.chiesadigenova.it\/scolastico\/wp-json\/wp\/v2\/tags?post=131"}],"curies":[{"name":"wp","href":"https:\/\/api.w.org\/{rel}","templated":true}]}}