{"id":1306,"date":"2023-05-23T12:42:18","date_gmt":"2023-05-23T10:42:18","guid":{"rendered":"https:\/\/www.chiesadigenova.it\/scolastico\/?p=1306"},"modified":"2023-05-23T12:42:18","modified_gmt":"2023-05-23T10:42:18","slug":"diocesi-scuola-tutte-le-iniziative","status":"publish","type":"post","link":"https:\/\/www.chiesadigenova.it\/scolastico\/diocesi-scuola-tutte-le-iniziative\/","title":{"rendered":"Diocesi &#8211; Scuola: tutte le iniziative"},"content":{"rendered":"<p>Nei giorni scorsi, come riportato nelle ultime due edizioni de Il Cittadino, \u00e8 stato siglato l\u2019accordo fra la Diocesi di Genova e l\u2019Ufficio scolastico regionale per la cosiddetta alternanza scuola lavoro. Inoltre, in un incontro recente con i presidi e i dirigenti scolastici, \u00e8 stato presentato il programma di iniziative diocesane per celebrare i 100 anni dalla nascita di don Lorenzo Milani.<\/p>\n<p>Per conoscere meglio queste prossime attivit\u00e0 di collaborazione fra la Diocesi e il mondo della scuola abbiamo incontrato Massimiliano Costa, Coordinatore dell\u2019Ufficio Scuola diocesano.<\/p>\n<p><em>La firma dell\u2019accordo per l\u2019alternanza scuola lavoro, lo scorso luned\u00ec 8 maggio in Episcopio, \u00e8 una novit\u00e0 per la Diocesi\u2026<\/em><\/p>\n<p>S\u00ec. L\u2019idea che sta alla base di questa convenzione \u00e8 quella che la Diocesi metta a servizio della scuola, in questa fase iniziale, il patrimonio artistico e architettonico rappresentato dalle chiese del Centro Storico, dove gli studenti potranno svolgere l\u2019alternanza. Si comincia dunque con il versante storico artistico, in collaborazione con l\u2019Ufficio Cultura della Diocesi, e dopo questa prima esperienza si andr\u00e0 avanti estendendo questa opportunit\u00e0 anche ad altri comparti della vita della Chiesa genovese, cos\u00ec come hanno chiesto i presidi che abbiamo incontrato nei giorni scorsi.<\/p>\n<p>Si tratta proprio di un desiderio della Diocesi di mettersi a servizio dei giovani e del mondo della scuola.<\/p>\n<p>In questa ottica dello spirito di servizio, la Diocesi \u00e8 al lavoro su un cammino che si svilupper\u00e0 anche nel prossimo anno per approfondire a vari livelli la figura di don Lorenzo Milani, di cui ricorre il centenario della nascita.<\/p>\n<p>Abbiamo gi\u00e0 lanciato questa iniziativa nelle scuole, un concorso del Provveditorato di Genova rivolto a tutte le scuole, superiori e inferiori, ma aperto anche ai gruppi parrocchiali, alle associazioni, ai movimenti.<\/p>\n<p>Si tratta di scrivere la celebre \u201clettera ad una professoressa\u201d guardando alla scuola di oggi. Si potr\u00e0 partecipare con elaborati scritti, con podcast e con video. Il concorso si chiuder\u00e0 a dicembre con una manifestazione cittadina pubblica in cui interverranno relatori di rilevanza anche nazionale per celebrare il centenario della nascita di don Milani, riscoprendone l\u2019esempio e riadattandolo alla scuola del futuro. In questo contesto ci sar\u00e0 anche la premiazione degli elaborati vincitori del concorso.<\/p>\n<p>Gli studenti andranno in viaggio a Barbiana, sulle orme di don Milani.<\/p>\n<p>Sul sito della Diocesi, nella sezione dedicata all\u2019Ufficio Scuola, sar\u00e0 disponibile il materiale per preparare incontri, momenti di riflessione, campi estivi delle parrocchie: educatori e insegnanti possono utilizzare tutto ci\u00f2 che \u00e8 stato raccolto ed \u00e8 online.<\/p>\n<p>Ricordiamo che Don Milani ha sempre messo al primo posto la formazione e la collettivit\u00e0.<\/p>\n<p>\u00c8 per questo che al concorso si parteciper\u00e0 solo con elaborati di gruppo, proprio per portare l\u2019attenzione su questo aspetto del pensiero di don Milani, riscoprendone l\u2019importanza.<\/p>\n<p>Nella Veglia di Pentecoste organizzata anche quest\u2019anno dalla Pastorale Giovanile diocesana si rifletter\u00e0 sulla figura di don Milani.<\/p>\n<p>Don Milani sar\u00e0 uno dei testimoni. Questo cammino sulla sua figura \u00e8 stato pensato in collaborazione con la pastorale giovanile, e per questo a settembre, nel consueto incontro di inizio anno degli educatori si ritorner\u00e0 su don Milani; sar\u00e0 cos\u00ec anche per i docenti di religione nella loro formazione.<\/p>\n<p>Si tratta di lavorare insieme, in maniera trasversale, nei tanti ambiti della vita diocesana, su un messaggio che arriva fino ad oggi per la sua attualit\u00e0 e per la sua intuizione profetica sul mondo della scuola.<\/p>\n<p>&nbsp;<\/p>\n<p>&nbsp;<\/p>\n<p>Il video dell\u2019intervista \u00e8 disponibile sul canale YouTube de Il Cittadino<\/p>\n","protected":false},"excerpt":{"rendered":"<p>Nei giorni scorsi, come riportato nelle ultime due edizioni de Il Cittadino, \u00e8 stato siglato l\u2019accordo fra la Diocesi di Genova e l\u2019Ufficio scolastico regionale per la cosiddetta alternanza scuola lavoro. Inoltre, in un incontro recente con i presidi e i dirigenti scolastici, \u00e8 stato presentato il programma di iniziative diocesane per celebrare i 100 [&hellip;]<\/p>\n","protected":false},"author":10,"featured_media":1309,"comment_status":"closed","ping_status":"closed","sticky":false,"template":"","format":"standard","meta":{"_acf_changed":false,"footnotes":""},"categories":[4],"tags":[],"class_list":["post-1306","post","type-post","status-publish","format-standard","has-post-thumbnail","hentry","category-notizie"],"acf":[],"_links":{"self":[{"href":"https:\/\/www.chiesadigenova.it\/scolastico\/wp-json\/wp\/v2\/posts\/1306","targetHints":{"allow":["GET"]}}],"collection":[{"href":"https:\/\/www.chiesadigenova.it\/scolastico\/wp-json\/wp\/v2\/posts"}],"about":[{"href":"https:\/\/www.chiesadigenova.it\/scolastico\/wp-json\/wp\/v2\/types\/post"}],"author":[{"embeddable":true,"href":"https:\/\/www.chiesadigenova.it\/scolastico\/wp-json\/wp\/v2\/users\/10"}],"replies":[{"embeddable":true,"href":"https:\/\/www.chiesadigenova.it\/scolastico\/wp-json\/wp\/v2\/comments?post=1306"}],"version-history":[{"count":3,"href":"https:\/\/www.chiesadigenova.it\/scolastico\/wp-json\/wp\/v2\/posts\/1306\/revisions"}],"predecessor-version":[{"id":1311,"href":"https:\/\/www.chiesadigenova.it\/scolastico\/wp-json\/wp\/v2\/posts\/1306\/revisions\/1311"}],"wp:featuredmedia":[{"embeddable":true,"href":"https:\/\/www.chiesadigenova.it\/scolastico\/wp-json\/wp\/v2\/media\/1309"}],"wp:attachment":[{"href":"https:\/\/www.chiesadigenova.it\/scolastico\/wp-json\/wp\/v2\/media?parent=1306"}],"wp:term":[{"taxonomy":"category","embeddable":true,"href":"https:\/\/www.chiesadigenova.it\/scolastico\/wp-json\/wp\/v2\/categories?post=1306"},{"taxonomy":"post_tag","embeddable":true,"href":"https:\/\/www.chiesadigenova.it\/scolastico\/wp-json\/wp\/v2\/tags?post=1306"}],"curies":[{"name":"wp","href":"https:\/\/api.w.org\/{rel}","templated":true}]}}