{"id":1289,"date":"2023-05-12T11:45:14","date_gmt":"2023-05-12T09:45:14","guid":{"rendered":"https:\/\/www.chiesadigenova.it\/scolastico\/?p=1289"},"modified":"2023-05-12T11:46:14","modified_gmt":"2023-05-12T09:46:14","slug":"diocesi-e-scuola-sinergia-educativa","status":"publish","type":"post","link":"https:\/\/www.chiesadigenova.it\/scolastico\/diocesi-e-scuola-sinergia-educativa\/","title":{"rendered":"Diocesi e Scuola, sinergia educativa"},"content":{"rendered":"<div class=\"attribute-long\">\n<p>Rispondendo all\u2019invito della Diocesi, il 27 aprile scorso in Episcopio<b> i presidi e i dirigenti scolastici genovesi hanno incontrato don Gianfranco Calabrese, Vicario Episcopale per l\u2019annuncio del Vangelo e per la missionariet\u00e0, don Bruno Sopranzi, Coordinatore dell\u2019Ufficio Insegnamento della Religione Cattolica, Massimiliano Costa, Coordinatore Ufficio diocesano per la Scuola, alla presenza di Sandro Clavarino dell\u2019Ufficio Scolastico Regionale.<\/b><\/p>\n<p>Un incontro prima di tutto di conoscenza reciproca, segno dell\u2019attenzione che la Chiesa di Genova vuole riservare al mondo della scuola, e il primo passo di un cammino insieme, nell\u2019ascolto ma anche nella collaborazione e nella sinergia.<\/p>\n<p><b>Una sinergia per l&#8217;alternanza scuola-lavoro<\/b><\/p>\n<p>Sulla base della gi\u00e0 avviata collaborazione fruttuosa e proficua con il Provveditorato e con l\u2019Universit\u00e0 di Genova, luned\u00ec 8 maggio Mons. Tasca e il provveditore firmeranno un protocollo di intesa sulla cosiddetta \u201calternanza scuola lavoro&#8221;: saranno coinvolte inizialmente le chiese del Centro Storico, dove gi\u00e0 \u00e8 ben avviato il progetto di apertura e custodia da parte di personale volontario. Qui, gli studenti potranno svolgere la loro attivit\u00e0 di alternanza, affiancando i volontari nell\u2019accoglienza dei visitatori.<\/p>\n<p><b>Concorso sulla figura di don Milani<\/b><\/p>\n<p>In occasione del centenario della nascita di don Milani, inoltre, la settimana prossima partir\u00e0 un avviso indirizzato a tutte le scuole per promuovere un concorso in suo ricordo; il concorso sar\u00e0 articolato in sezioni diverse per le medie di primo grado e per le secondarie, e avr\u00e0 come obiettivo la stesura, da parte di gruppi di studenti, della celebre \u201cLettera ad una professoressa\u201d guardando con gli occhi dei giovani alla scuola di oggi.<\/p>\n<p><b>La giornata per la scuola<\/b><\/p>\n<p>Nell\u2019ambito del prossimo anno pastorale, per completare il cammino diocesano sulla scuola, \u00e8 desiderio di poter riprogrammare la Giornata per la Scuola, estendendola a tutte le scuole con il coinvolgimento dei docenti di ogni disciplina.<\/p>\n<\/div>\n","protected":false},"excerpt":{"rendered":"<p>Rispondendo all\u2019invito della Diocesi, il 27 aprile scorso in Episcopio i presidi e i dirigenti scolastici genovesi hanno incontrato don Gianfranco Calabrese, Vicario Episcopale per l\u2019annuncio del Vangelo e per la missionariet\u00e0, don Bruno Sopranzi, Coordinatore dell\u2019Ufficio Insegnamento della Religione Cattolica, Massimiliano Costa, Coordinatore Ufficio diocesano per la Scuola, alla presenza di Sandro Clavarino dell\u2019Ufficio [&hellip;]<\/p>\n","protected":false},"author":10,"featured_media":1292,"comment_status":"closed","ping_status":"closed","sticky":false,"template":"","format":"standard","meta":{"_acf_changed":false,"footnotes":""},"categories":[4],"tags":[],"class_list":["post-1289","post","type-post","status-publish","format-standard","has-post-thumbnail","hentry","category-notizie"],"acf":[],"_links":{"self":[{"href":"https:\/\/www.chiesadigenova.it\/scolastico\/wp-json\/wp\/v2\/posts\/1289","targetHints":{"allow":["GET"]}}],"collection":[{"href":"https:\/\/www.chiesadigenova.it\/scolastico\/wp-json\/wp\/v2\/posts"}],"about":[{"href":"https:\/\/www.chiesadigenova.it\/scolastico\/wp-json\/wp\/v2\/types\/post"}],"author":[{"embeddable":true,"href":"https:\/\/www.chiesadigenova.it\/scolastico\/wp-json\/wp\/v2\/users\/10"}],"replies":[{"embeddable":true,"href":"https:\/\/www.chiesadigenova.it\/scolastico\/wp-json\/wp\/v2\/comments?post=1289"}],"version-history":[{"count":8,"href":"https:\/\/www.chiesadigenova.it\/scolastico\/wp-json\/wp\/v2\/posts\/1289\/revisions"}],"predecessor-version":[{"id":1301,"href":"https:\/\/www.chiesadigenova.it\/scolastico\/wp-json\/wp\/v2\/posts\/1289\/revisions\/1301"}],"wp:featuredmedia":[{"embeddable":true,"href":"https:\/\/www.chiesadigenova.it\/scolastico\/wp-json\/wp\/v2\/media\/1292"}],"wp:attachment":[{"href":"https:\/\/www.chiesadigenova.it\/scolastico\/wp-json\/wp\/v2\/media?parent=1289"}],"wp:term":[{"taxonomy":"category","embeddable":true,"href":"https:\/\/www.chiesadigenova.it\/scolastico\/wp-json\/wp\/v2\/categories?post=1289"},{"taxonomy":"post_tag","embeddable":true,"href":"https:\/\/www.chiesadigenova.it\/scolastico\/wp-json\/wp\/v2\/tags?post=1289"}],"curies":[{"name":"wp","href":"https:\/\/api.w.org\/{rel}","templated":true}]}}