{"id":114,"date":"2016-03-08T09:39:00","date_gmt":"2016-03-08T08:39:00","guid":{"rendered":"http:\/\/scolastico.chiesadigenova.it\/importante-variazione-data-lezione-corso-di-aggiornamento-i-r-c-a-s-2015-16\/"},"modified":"2016-03-08T09:39:00","modified_gmt":"2016-03-08T08:39:00","slug":"importante-variazione-data-lezione-corso-di-aggiornamento-i-r-c-a-s-2015-16","status":"publish","type":"post","link":"https:\/\/www.chiesadigenova.it\/scolastico\/importante-variazione-data-lezione-corso-di-aggiornamento-i-r-c-a-s-2015-16\/","title":{"rendered":"IMPORTANTE: variazione data lezione Corso di Aggiornamento I.R.C. &#8211; a.s. 2015\/16"},"content":{"rendered":"<div>La lezione del Corso di Aggiornamento I.R.C. a.s. 2015\/16 del <strong>Prof. Luigi Baldi<\/strong> che avrebbe dovuto svolgersi <strong>gioved\u00ec 10 marzo p.v.<\/strong> \u00e8 stata posticipata a <strong>gioved\u00ec 17 marzo 2016<\/strong>, sempre con sede al Quadrivium, sempre alle ore 17.<\/div>\n","protected":false},"excerpt":{"rendered":"<p>La lezione del Corso di Aggiornamento I.R.C. a.s. 2015\/16 del Prof. Luigi Baldi che avrebbe dovuto svolgersi gioved\u00ec 10 marzo p.v. \u00e8 stata posticipata a gioved\u00ec 17 marzo 2016, sempre con sede al Quadrivium, sempre alle ore 17.<\/p>\n","protected":false},"author":1,"featured_media":115,"comment_status":"closed","ping_status":"closed","sticky":false,"template":"","format":"standard","meta":{"_acf_changed":false,"footnotes":""},"categories":[4],"tags":[],"class_list":["post-114","post","type-post","status-publish","format-standard","has-post-thumbnail","hentry","category-notizie"],"acf":[],"_links":{"self":[{"href":"https:\/\/www.chiesadigenova.it\/scolastico\/wp-json\/wp\/v2\/posts\/114","targetHints":{"allow":["GET"]}}],"collection":[{"href":"https:\/\/www.chiesadigenova.it\/scolastico\/wp-json\/wp\/v2\/posts"}],"about":[{"href":"https:\/\/www.chiesadigenova.it\/scolastico\/wp-json\/wp\/v2\/types\/post"}],"author":[{"embeddable":true,"href":"https:\/\/www.chiesadigenova.it\/scolastico\/wp-json\/wp\/v2\/users\/1"}],"replies":[{"embeddable":true,"href":"https:\/\/www.chiesadigenova.it\/scolastico\/wp-json\/wp\/v2\/comments?post=114"}],"version-history":[{"count":0,"href":"https:\/\/www.chiesadigenova.it\/scolastico\/wp-json\/wp\/v2\/posts\/114\/revisions"}],"wp:featuredmedia":[{"embeddable":true,"href":"https:\/\/www.chiesadigenova.it\/scolastico\/wp-json\/wp\/v2\/media\/115"}],"wp:attachment":[{"href":"https:\/\/www.chiesadigenova.it\/scolastico\/wp-json\/wp\/v2\/media?parent=114"}],"wp:term":[{"taxonomy":"category","embeddable":true,"href":"https:\/\/www.chiesadigenova.it\/scolastico\/wp-json\/wp\/v2\/categories?post=114"},{"taxonomy":"post_tag","embeddable":true,"href":"https:\/\/www.chiesadigenova.it\/scolastico\/wp-json\/wp\/v2\/tags?post=114"}],"curies":[{"name":"wp","href":"https:\/\/api.w.org\/{rel}","templated":true}]}}