{"id":112,"date":"2016-02-17T11:44:00","date_gmt":"2016-02-17T10:44:00","guid":{"rendered":"http:\/\/scolastico.chiesadigenova.it\/anno-scolastico-2016-17-presentazione-domande-reincarico-incarico-supplenza\/"},"modified":"2016-02-17T11:44:00","modified_gmt":"2016-02-17T10:44:00","slug":"anno-scolastico-2016-17-presentazione-domande-reincarico-incarico-supplenza","status":"publish","type":"post","link":"https:\/\/www.chiesadigenova.it\/scolastico\/anno-scolastico-2016-17-presentazione-domande-reincarico-incarico-supplenza\/","title":{"rendered":"Anno scolastico 2016-17: presentazione domande reincarico, incarico supplenza"},"content":{"rendered":"<div>\n<div>A partire DA LUNED\u00cc 22 FEBBRAIO FINO A MERCOLED\u00cc 23 MARZO 2016 dalle  ore 9 alle ore 12.30, \u00e8 possibile presentare la domanda di reincarico,  incarico o di supplenza per l\u0092Insegnamento della Religione Cattolica per  l\u0092anno scolastico 2016\/2017 presso la segreteria dell\u0092Ufficio  Educazione e Scuola dell\u0092Arcidiocesi di Genova in piazza Matteotti 4.<\/div>\n<div>La  modulistica si pu\u00f2 ritirare presso l\u0092Ufficio oppure scaricare da qs.  sito, nell\u0092area MODULISTICA dell\u0092 UFFICIO SCOLASTICO. I moduli saranno  diversificati in: modulo per I DOCENTI DI RUOLO, modulo per i DOCENTI  NON DI RUOLO \u0096 DIOCESI DI GENOVA e modulo per i DOCENTI NON DI RUOLO \u0096  ALTRE DIOCESI.<\/div>\n<div>\u00a0<\/div>\n<\/div>\n","protected":false},"excerpt":{"rendered":"<p>A partire DA LUNED\u00cc 22 FEBBRAIO FINO A MERCOLED\u00cc 23 MARZO 2016 dalle ore 9 alle ore 12.30, \u00e8 possibile presentare la domanda di reincarico, incarico o di supplenza per l\u0092Insegnamento della Religione Cattolica per l\u0092anno scolastico 2016\/2017 presso la segreteria dell\u0092Ufficio Educazione e Scuola dell\u0092Arcidiocesi di Genova in piazza Matteotti 4. La modulistica si [&hellip;]<\/p>\n","protected":false},"author":1,"featured_media":113,"comment_status":"closed","ping_status":"closed","sticky":false,"template":"","format":"standard","meta":{"_acf_changed":false,"footnotes":""},"categories":[4],"tags":[],"class_list":["post-112","post","type-post","status-publish","format-standard","has-post-thumbnail","hentry","category-notizie"],"acf":[],"_links":{"self":[{"href":"https:\/\/www.chiesadigenova.it\/scolastico\/wp-json\/wp\/v2\/posts\/112","targetHints":{"allow":["GET"]}}],"collection":[{"href":"https:\/\/www.chiesadigenova.it\/scolastico\/wp-json\/wp\/v2\/posts"}],"about":[{"href":"https:\/\/www.chiesadigenova.it\/scolastico\/wp-json\/wp\/v2\/types\/post"}],"author":[{"embeddable":true,"href":"https:\/\/www.chiesadigenova.it\/scolastico\/wp-json\/wp\/v2\/users\/1"}],"replies":[{"embeddable":true,"href":"https:\/\/www.chiesadigenova.it\/scolastico\/wp-json\/wp\/v2\/comments?post=112"}],"version-history":[{"count":0,"href":"https:\/\/www.chiesadigenova.it\/scolastico\/wp-json\/wp\/v2\/posts\/112\/revisions"}],"wp:featuredmedia":[{"embeddable":true,"href":"https:\/\/www.chiesadigenova.it\/scolastico\/wp-json\/wp\/v2\/media\/113"}],"wp:attachment":[{"href":"https:\/\/www.chiesadigenova.it\/scolastico\/wp-json\/wp\/v2\/media?parent=112"}],"wp:term":[{"taxonomy":"category","embeddable":true,"href":"https:\/\/www.chiesadigenova.it\/scolastico\/wp-json\/wp\/v2\/categories?post=112"},{"taxonomy":"post_tag","embeddable":true,"href":"https:\/\/www.chiesadigenova.it\/scolastico\/wp-json\/wp\/v2\/tags?post=112"}],"curies":[{"name":"wp","href":"https:\/\/api.w.org\/{rel}","templated":true}]}}