{"id":1095,"date":"2023-01-09T15:41:46","date_gmt":"2023-01-09T14:41:46","guid":{"rendered":"https:\/\/www.chiesadigenova.it\/scolastico\/?p=1095"},"modified":"2023-01-09T15:41:46","modified_gmt":"2023-01-09T14:41:46","slug":"per-a-s-2023-24","status":"publish","type":"post","link":"https:\/\/www.chiesadigenova.it\/scolastico\/per-a-s-2023-24\/","title":{"rendered":"per a.s. 2023-24"},"content":{"rendered":"<p><em>Pubblichiamo il testo del Messaggio della Presidenza della Cei sulla scelta di avvalersi dell&#8217;insegnamento della religione cattolica per l&#8217;anno scolastico 2020\/2021:<\/em><\/p>\n<p>Cari studenti e cari genitori,<br \/>\nnei prossimi giorni, procedendo all\u2019iscrizione al primo anno dei diversi ordini e gradi di scuola,<br \/>\nsarete chiamati a scegliere se avvalervi dell\u2019Insegnamento della religione cattolica (IRC).<br \/>\nSi tratta di una scelta importante, che vi permette di partecipare alla costruzione del percorso<br \/>\neducativo offerto dalla scuola. \u00c8 infatti uno spazio di libert\u00e0 e di responsabilit\u00e0 quello che avete<br \/>\ndavanti, un modo per sentire ancora pi\u00f9 vostro il cammino di crescita umana e culturale che state<br \/>\ncompiendo o accompagnando.<br \/>\nQuesto \u00e8 vero in particolare per i giovanissimi che iniziano la scuola secondaria di secondo grado,<br \/>\nma vale anche per gli altri studenti e per i genitori, tutti protagonisti nel dare forma a quella<br \/>\n\u201calleanza educativa\u201d che \u00e8 l\u2019IRC in Italia. Alla presenza e alla qualificazione di tale insegnamento,<br \/>\ninfatti, partecipano lo Stato, nei suoi organismi centrali e territoriali, la Chiesa, le singole scuole,<br \/>\ncon gli insegnanti e i dirigenti, le famiglie e gli alunni stessi, mediante scelte consapevoli da cui<br \/>\nemerge il loro essere \u201ccittadini\u201d nella e della scuola. Anche per questa ragione l\u2019IRC costituisce<br \/>\nun\u2019esperienza di grande rilievo nel panorama formativo, in quanto espressione di un \u201cpatto<br \/>\ncondiviso\u201d fra enti e persone diverse, un patto stretto per il bene dei ragazzi e dei giovani e, di<br \/>\nconseguenza, della societ\u00e0 intera. Un patto che non li vede solo destinatari ma coinvolti in prima<br \/>\npersona.<br \/>\nScegliere \u00e8 un verbo che esprime maturit\u00e0 e interesse. \u00c8 un verbo essenziale per progredire nel<br \/>\ncammino della vita. Lo ha ricordato papa Francesco parlando agli studenti di una scuola, durante il<br \/>\nsuo viaggio apostolico nel Bahrein: \u201cNon esiste una vita senza sfide da affrontare. E sempre, di<br \/>\nfronte a una sfida, come davanti a un bivio, bisogna scegliere, mettersi in gioco, rischiare,<br \/>\ndecidere. Ma questo richiede una buona strategia: non si pu\u00f2 improvvisare, vivendo solo di istinto<br \/>\no solo all\u2019istante!\u201d. Per imparare a scegliere \u2013 ha aggiunto il Papa \u2013 occorre \u201caffinare lo sguardo<br \/>\ninteriore, imparare a giudicare le situazioni, a cogliere l\u2019essenziale\u201d e \u201clavorare sul cuore\u201d, cos\u00ec da<br \/>\nnon restare indifferenti o mostrarsi insofferenti agli altri, ma reagendo \u201ccon un nuovo sogno di<br \/>\nfraternit\u00e0 e di amicizia sociale che non si limiti alle parole\u201d.<br \/>\nSiamo certi che avvalersi delle opportunit\u00e0 offerte dall\u2019Insegnamento della religione cattolica a<br \/>\nscuola aiuti a camminare nelle direzioni indicate da papa Francesco, anche grazie alla presenza di<br \/>\nquei professionisti qualificati e autentici educatori che sono gli insegnanti di IRC, a cui vogliamo<br \/>\nesprimere sincera gratitudine. Con questi pensieri e sentimenti, dunque, vi rinnoviamo l\u2019invito ad<br \/>\navvalervi dell\u2019Insegnamento della religione cattolica, per una scuola che guarda alla crescita<br \/>\nintegrale della persona e per una cultura generatrice di dialogo e di pace.<br \/>\nLA PRESIDENZA<br \/>\nDELLA CONFERENZA EPISCOPALE ITALIANA<br \/>\nRoma, 15 novembre 2022<\/p>\n","protected":false},"excerpt":{"rendered":"<p>Pubblichiamo il testo del Messaggio della Presidenza della Cei sulla scelta di avvalersi dell&#8217;insegnamento della religione cattolica per l&#8217;anno scolastico 2020\/2021: Cari studenti e cari genitori, nei prossimi giorni, procedendo all\u2019iscrizione al primo anno dei diversi ordini e gradi di scuola, sarete chiamati a scegliere se avvalervi dell\u2019Insegnamento della religione cattolica (IRC). Si tratta di [&hellip;]<\/p>\n","protected":false},"author":10,"featured_media":1097,"comment_status":"closed","ping_status":"closed","sticky":false,"template":"","format":"standard","meta":{"_acf_changed":false,"footnotes":""},"categories":[6],"tags":[],"class_list":["post-1095","post","type-post","status-publish","format-standard","has-post-thumbnail","hentry","category-messaggio-della-presidenza"],"acf":[],"_links":{"self":[{"href":"https:\/\/www.chiesadigenova.it\/scolastico\/wp-json\/wp\/v2\/posts\/1095","targetHints":{"allow":["GET"]}}],"collection":[{"href":"https:\/\/www.chiesadigenova.it\/scolastico\/wp-json\/wp\/v2\/posts"}],"about":[{"href":"https:\/\/www.chiesadigenova.it\/scolastico\/wp-json\/wp\/v2\/types\/post"}],"author":[{"embeddable":true,"href":"https:\/\/www.chiesadigenova.it\/scolastico\/wp-json\/wp\/v2\/users\/10"}],"replies":[{"embeddable":true,"href":"https:\/\/www.chiesadigenova.it\/scolastico\/wp-json\/wp\/v2\/comments?post=1095"}],"version-history":[{"count":1,"href":"https:\/\/www.chiesadigenova.it\/scolastico\/wp-json\/wp\/v2\/posts\/1095\/revisions"}],"predecessor-version":[{"id":1098,"href":"https:\/\/www.chiesadigenova.it\/scolastico\/wp-json\/wp\/v2\/posts\/1095\/revisions\/1098"}],"wp:featuredmedia":[{"embeddable":true,"href":"https:\/\/www.chiesadigenova.it\/scolastico\/wp-json\/wp\/v2\/media\/1097"}],"wp:attachment":[{"href":"https:\/\/www.chiesadigenova.it\/scolastico\/wp-json\/wp\/v2\/media?parent=1095"}],"wp:term":[{"taxonomy":"category","embeddable":true,"href":"https:\/\/www.chiesadigenova.it\/scolastico\/wp-json\/wp\/v2\/categories?post=1095"},{"taxonomy":"post_tag","embeddable":true,"href":"https:\/\/www.chiesadigenova.it\/scolastico\/wp-json\/wp\/v2\/tags?post=1095"}],"curies":[{"name":"wp","href":"https:\/\/api.w.org\/{rel}","templated":true}]}}