{"id":107,"date":"2016-01-20T12:24:00","date_gmt":"2016-01-20T11:24:00","guid":{"rendered":"http:\/\/scolastico.chiesadigenova.it\/promemoria-corso-di-aggiornamento-per-insegnanti-di-religione-cattolica-e-altri-docenti-interessati-a-s-2015-16\/"},"modified":"2016-01-20T12:24:00","modified_gmt":"2016-01-20T11:24:00","slug":"promemoria-corso-di-aggiornamento-per-insegnanti-di-religione-cattolica-e-altri-docenti-interessati-a-s-2015-16","status":"publish","type":"post","link":"https:\/\/www.chiesadigenova.it\/scolastico\/promemoria-corso-di-aggiornamento-per-insegnanti-di-religione-cattolica-e-altri-docenti-interessati-a-s-2015-16\/","title":{"rendered":"PROMEMORIA Corso di Aggiornamento per Insegnanti di Religione Cattolica e altri Docenti interessati &#8211; a.s. 2015-16"},"content":{"rendered":"<div>\n<div>Dopo una lunga pausa, riprende il Corso di aggiornamento I.R.C. La priima lezione del anno 2016 \u00e8 fissata per gioved\u00ec 4 febbraio p.v. alle h.  17 sempre presso la Sala Quadrivium, p.zza S. Marta n. 2<\/div>\n<div>Il  Prof. Renzo Dameri, Professore Universitario e gi\u00e0 Dirigente della Formazione Docenti in Liguria, tratter\u00e0 il tema: &#8220;Che ne \u00e8 dell&#8217;altro oggi nell&#8217;individualismo ai tempi di internet? Recupero della socializzazione del noi rispetto all&#8217;io; andare oltre internet per recuperare i rapporti umani&#8221;.<\/div>\n<\/div>\n","protected":false},"excerpt":{"rendered":"<p>Dopo una lunga pausa, riprende il Corso di aggiornamento I.R.C. La priima lezione del anno 2016 \u00e8 fissata per gioved\u00ec 4 febbraio p.v. alle h. 17 sempre presso la Sala Quadrivium, p.zza S. Marta n. 2 Il Prof. Renzo Dameri, Professore Universitario e gi\u00e0 Dirigente della Formazione Docenti in Liguria, tratter\u00e0 il tema: &#8220;Che ne [&hellip;]<\/p>\n","protected":false},"author":1,"featured_media":108,"comment_status":"closed","ping_status":"closed","sticky":false,"template":"","format":"standard","meta":{"_acf_changed":false,"footnotes":""},"categories":[4],"tags":[],"class_list":["post-107","post","type-post","status-publish","format-standard","has-post-thumbnail","hentry","category-notizie"],"acf":[],"_links":{"self":[{"href":"https:\/\/www.chiesadigenova.it\/scolastico\/wp-json\/wp\/v2\/posts\/107","targetHints":{"allow":["GET"]}}],"collection":[{"href":"https:\/\/www.chiesadigenova.it\/scolastico\/wp-json\/wp\/v2\/posts"}],"about":[{"href":"https:\/\/www.chiesadigenova.it\/scolastico\/wp-json\/wp\/v2\/types\/post"}],"author":[{"embeddable":true,"href":"https:\/\/www.chiesadigenova.it\/scolastico\/wp-json\/wp\/v2\/users\/1"}],"replies":[{"embeddable":true,"href":"https:\/\/www.chiesadigenova.it\/scolastico\/wp-json\/wp\/v2\/comments?post=107"}],"version-history":[{"count":0,"href":"https:\/\/www.chiesadigenova.it\/scolastico\/wp-json\/wp\/v2\/posts\/107\/revisions"}],"wp:featuredmedia":[{"embeddable":true,"href":"https:\/\/www.chiesadigenova.it\/scolastico\/wp-json\/wp\/v2\/media\/108"}],"wp:attachment":[{"href":"https:\/\/www.chiesadigenova.it\/scolastico\/wp-json\/wp\/v2\/media?parent=107"}],"wp:term":[{"taxonomy":"category","embeddable":true,"href":"https:\/\/www.chiesadigenova.it\/scolastico\/wp-json\/wp\/v2\/categories?post=107"},{"taxonomy":"post_tag","embeddable":true,"href":"https:\/\/www.chiesadigenova.it\/scolastico\/wp-json\/wp\/v2\/tags?post=107"}],"curies":[{"name":"wp","href":"https:\/\/api.w.org\/{rel}","templated":true}]}}