{"id":104,"date":"2015-12-10T10:40:00","date_gmt":"2015-12-10T09:40:00","guid":{"rendered":"http:\/\/scolastico.chiesadigenova.it\/domenica-13-dicembre-2015-incontro-di-spiritualita-professionale-in-preparazione-al-s-natale-2015\/"},"modified":"2015-12-10T10:40:00","modified_gmt":"2015-12-10T09:40:00","slug":"domenica-13-dicembre-2015-incontro-di-spiritualita-professionale-in-preparazione-al-s-natale-2015","status":"publish","type":"post","link":"https:\/\/www.chiesadigenova.it\/scolastico\/domenica-13-dicembre-2015-incontro-di-spiritualita-professionale-in-preparazione-al-s-natale-2015\/","title":{"rendered":"Domenica 13 dicembre 2015 &#8211; Incontro di spiritualit\u00e0 professionale in preparazione al S. Natale 2015"},"content":{"rendered":"<div>\n<div class=\"testo\">\n<div>\n<div class=\"testo\">\n<div>\n<div>Come    oramai consuetudine nel periodo di Avvento, gli Insegnanti di   Religione  dedicano una domenica che precede il S. Natale ad un incontro   di  Spiritualit\u00e0 professionale.<\/div>\n<div> Quest&#8217;anno a guidare l&#8217;incontro sar\u00e0 P. Andrea Bello O.C.D.<\/div>\n<div> La sede \u00e8 nuovamente  l&#8217;Istituto delle Suore Immacolatine in piazza Paolo Da Novi<\/div>\n<div>Il  programma \u00e8 il seguente:<\/div>\n<div style=\"font-family: arial; font-size: 13px; line-height: 20px;\">ore 9.45\u00a0\u00a0 accoglienza<\/div>\n<div style=\"font-family: arial; font-size: 13px; line-height: 20px;\">ore 10 &#8211; 11 \u00a0 meditazione guidata<\/div>\n<div style=\"font-family: arial; font-size: 13px; line-height: 20px;\">ore 11 &#8211; 11.15 \u00a0\u00a0 riflessione personale<\/div>\n<div style=\"font-family: arial; font-size: 13px; line-height: 20px;\">ore 11.15\u00a0\u00a0\u00a0 S. Messa<\/p>\n<div class=\"testo\">\n<div>\n<div class=\"testo\">\n<div>\u00a0<\/div>\n<\/div>\n<\/div>\n<\/div>\n<\/div>\n<\/div>\n<\/div>\n<\/div>\n<\/div>\n<\/div>\n","protected":false},"excerpt":{"rendered":"<p>Come oramai consuetudine nel periodo di Avvento, gli Insegnanti di Religione dedicano una domenica che precede il S. Natale ad un incontro di Spiritualit\u00e0 professionale. Quest&#8217;anno a guidare l&#8217;incontro sar\u00e0 P. Andrea Bello O.C.D. La sede \u00e8 nuovamente l&#8217;Istituto delle Suore Immacolatine in piazza Paolo Da Novi Il programma \u00e8 il seguente: ore 9.45\u00a0\u00a0 accoglienza [&hellip;]<\/p>\n","protected":false},"author":1,"featured_media":105,"comment_status":"closed","ping_status":"closed","sticky":false,"template":"","format":"standard","meta":{"_acf_changed":false,"footnotes":""},"categories":[4],"tags":[],"class_list":["post-104","post","type-post","status-publish","format-standard","has-post-thumbnail","hentry","category-notizie"],"acf":[],"_links":{"self":[{"href":"https:\/\/www.chiesadigenova.it\/scolastico\/wp-json\/wp\/v2\/posts\/104","targetHints":{"allow":["GET"]}}],"collection":[{"href":"https:\/\/www.chiesadigenova.it\/scolastico\/wp-json\/wp\/v2\/posts"}],"about":[{"href":"https:\/\/www.chiesadigenova.it\/scolastico\/wp-json\/wp\/v2\/types\/post"}],"author":[{"embeddable":true,"href":"https:\/\/www.chiesadigenova.it\/scolastico\/wp-json\/wp\/v2\/users\/1"}],"replies":[{"embeddable":true,"href":"https:\/\/www.chiesadigenova.it\/scolastico\/wp-json\/wp\/v2\/comments?post=104"}],"version-history":[{"count":0,"href":"https:\/\/www.chiesadigenova.it\/scolastico\/wp-json\/wp\/v2\/posts\/104\/revisions"}],"wp:featuredmedia":[{"embeddable":true,"href":"https:\/\/www.chiesadigenova.it\/scolastico\/wp-json\/wp\/v2\/media\/105"}],"wp:attachment":[{"href":"https:\/\/www.chiesadigenova.it\/scolastico\/wp-json\/wp\/v2\/media?parent=104"}],"wp:term":[{"taxonomy":"category","embeddable":true,"href":"https:\/\/www.chiesadigenova.it\/scolastico\/wp-json\/wp\/v2\/categories?post=104"},{"taxonomy":"post_tag","embeddable":true,"href":"https:\/\/www.chiesadigenova.it\/scolastico\/wp-json\/wp\/v2\/tags?post=104"}],"curies":[{"name":"wp","href":"https:\/\/api.w.org\/{rel}","templated":true}]}}