{"id":567,"date":"2025-11-04T12:17:29","date_gmt":"2025-11-04T11:17:29","guid":{"rendered":"https:\/\/www.chiesadigenova.it\/missionario\/?p=567"},"modified":"2025-11-04T12:17:29","modified_gmt":"2025-11-04T11:17:29","slug":"don-andrea-a-cuba-lingresso-nella-parrocchia-di-santo-domingo","status":"publish","type":"post","link":"https:\/\/www.chiesadigenova.it\/missionario\/don-andrea-a-cuba-lingresso-nella-parrocchia-di-santo-domingo\/","title":{"rendered":"Don Andrea a Cuba! L&#8217;ingresso nella parrocchia di Santo Domingo"},"content":{"rendered":"<p>Sabato 1 novembre, i sacerdoti e le suore del Vicariato di Nostra Signora della Speranza, accompagnati da alcune Clarisse, si sono riuniti attorno all&#8217;altare della Parrocchia di Nostra Signora Addolorata a Santo Domingo per celebrare la festa di Ognissanti e rendere grazie per i 20 anni di lavoro missionario dei sacerdoti italiani in questa regione.<br \/>\nIl Vescovo Arturo ha ricordato ai presenti che dobbiamo &#8220;essere consapevoli che i nostri giorni sono contati e la nostra vita terrena finir\u00e0, ma c&#8217;\u00e8 speranza; abbiamo un posto in cielo con coloro che ci hanno preceduto&#8221;.<br \/>\nUsando i santi come esempio, ha affermato che &#8220;in questa celebrazione, la Chiesa ci invita a riflettere su quella moltitudine di santi di Dio, tutti coloro che hanno vissuto una carit\u00e0 eroica e compiuto la volont\u00e0 di Dio.<br \/>\nOggi celebriamo quella moltitudine infinita di coloro che hanno fatto del bene, e tutti ci chiediamo perch\u00e9 loro lo hanno fatto e noi no&#8221;.<br \/>\nLa celebrazione \u00e8 stata l&#8217;occasione per rinnovare la gratitudine verso quelle terre che inviano sacerdoti, in particolare verso la missione dei sacerdoti liguri nella nostra diocesi di Santa Clara; per ricordare tutto il bene che questi parroci di Genova, Chiavari e Savona hanno compiuto in tutta questa regione per 20 anni, una &#8220;missione silenziosa e caritatevole&#8221;.<br \/>\nA questo proposito, il Vescovo ha presentato e insediato il nuovo parroco, don Andrea De Crescenzo, al quale \u00e8 stata consegnata la chiave del Tabernacolo come simbolo del tesoro pi\u00f9 grande che riceve da custodire nella chiesa.<br \/>\nIl sacerdote ha affermato di essere venuto &#8220;non con grandi discorsi, insegnamenti o per dire ci\u00f2 che voglio, ma per essere un cristiano fedele, per imparare da questa realt\u00e0 e per rendere Dio presente in mezzo a questa gente&#8230; Ho bisogno della grazia di Dio e delle vostre preghiere come suo popolo per quest&#8217;opera a Cuba&#8221;.<br \/>\nDon Pietro Pigollo, parroco per molti anni, si \u00e8 unito alla comunit\u00e0 per l&#8217;Eucaristia.<br \/>\nHa espresso la gratitudine di tutti i missionari della Liguria, ringraziando Dio per tutto ci\u00f2 che hanno vissuto e imparato nella nostra terra, condividendo come ha fatto Ges\u00f9, anche quando c&#8217;\u00e8 poco, ma lo fa con amore.<\/p>\n","protected":false},"excerpt":{"rendered":"<p>Sabato 1 novembre, i sacerdoti e le suore del Vicariato di Nostra Signora della Speranza, accompagnati da alcune Clarisse, si sono riuniti attorno all&#8217;altare della Parrocchia di Nostra Signora Addolorata a Santo Domingo per celebrare la festa di Ognissanti e rendere grazie per i 20 anni di lavoro missionario dei sacerdoti italiani in questa regione. [&hellip;]<\/p>\n","protected":false},"author":3,"featured_media":568,"comment_status":"open","ping_status":"open","sticky":false,"template":"","format":"standard","meta":{"_acf_changed":false,"footnotes":""},"categories":[3],"tags":[],"class_list":["post-567","post","type-post","status-publish","format-standard","has-post-thumbnail","hentry","category-notizie"],"acf":[],"_links":{"self":[{"href":"https:\/\/www.chiesadigenova.it\/missionario\/wp-json\/wp\/v2\/posts\/567","targetHints":{"allow":["GET"]}}],"collection":[{"href":"https:\/\/www.chiesadigenova.it\/missionario\/wp-json\/wp\/v2\/posts"}],"about":[{"href":"https:\/\/www.chiesadigenova.it\/missionario\/wp-json\/wp\/v2\/types\/post"}],"author":[{"embeddable":true,"href":"https:\/\/www.chiesadigenova.it\/missionario\/wp-json\/wp\/v2\/users\/3"}],"replies":[{"embeddable":true,"href":"https:\/\/www.chiesadigenova.it\/missionario\/wp-json\/wp\/v2\/comments?post=567"}],"version-history":[{"count":1,"href":"https:\/\/www.chiesadigenova.it\/missionario\/wp-json\/wp\/v2\/posts\/567\/revisions"}],"predecessor-version":[{"id":569,"href":"https:\/\/www.chiesadigenova.it\/missionario\/wp-json\/wp\/v2\/posts\/567\/revisions\/569"}],"wp:featuredmedia":[{"embeddable":true,"href":"https:\/\/www.chiesadigenova.it\/missionario\/wp-json\/wp\/v2\/media\/568"}],"wp:attachment":[{"href":"https:\/\/www.chiesadigenova.it\/missionario\/wp-json\/wp\/v2\/media?parent=567"}],"wp:term":[{"taxonomy":"category","embeddable":true,"href":"https:\/\/www.chiesadigenova.it\/missionario\/wp-json\/wp\/v2\/categories?post=567"},{"taxonomy":"post_tag","embeddable":true,"href":"https:\/\/www.chiesadigenova.it\/missionario\/wp-json\/wp\/v2\/tags?post=567"}],"curies":[{"name":"wp","href":"https:\/\/api.w.org\/{rel}","templated":true}]}}