{"id":547,"date":"2022-02-14T14:54:37","date_gmt":"2022-02-14T13:54:37","guid":{"rendered":"https:\/\/www.chiesadigenova.it\/liturgico\/ministero-del-catechista-il-rito-di-istituzione\/"},"modified":"2024-11-20T16:20:36","modified_gmt":"2024-11-20T15:20:36","slug":"ministero-del-catechista-il-rito-di-istituzione","status":"publish","type":"post","link":"https:\/\/www.chiesadigenova.it\/liturgico\/ministero-del-catechista-il-rito-di-istituzione\/","title":{"rendered":"Ministero del catechista: il Rito di istituzione"},"content":{"rendered":"<p>\u201cIn forza dell\u2019autorit\u00e0 apostolica istituisco il Ministero laicale del Catechista. La Congregazione per il Culto Divino e la Disciplina dei Sacramenti provveder\u00e0 entro breve tempo a pubblicare il Rito di Istituzione del Ministero laicale di catechista. Invito dunque le Conferenze Episcopali a rendere fattivo il Ministero di catechista, stabilendo l\u2019iter formativo necessario e i criteri normativi per potervi accedere\u2026\u201d Cos\u00ec ha scritto Papa Francesco negli ultimi paragrafi del Motu Proprio \u201c<em>Antiquum Ministerium<\/em>\u201d dato a Roma il 10 maggio 2021.<\/p>\n<p>Il 13 dicembre 2021 la suddetta Congregazione ha pubblicato l\u2019<em>Editio Typica<\/em> latina del Rito di Istituzione e contestualmente la Lettera di accompagnamento ai Presidenti delle Conferenze Episcopali, in cui si propongono alcune note \u201csul Ministero del catechista, sui requisiti necessari, sulla celebrazione del Rito di Istituzione\u201d.<\/p>\n<p>La Lettera precisa che il Ministero \u00e8 un servizio reso alla Chiesa secondo le necessit\u00e0 stabilite dal Vescovo del luogo e svolto in modo laicale e conferito una sola volta secondo tempi di durata stabiliti in base al luogo di appartenenza del candidato e secondo le esigenze pastorali presenti in esso. Si precisa anche che il termine catechista \u201cindica realt\u00e0 differenti\u201d relativamente al contesto ecclesiale nel quale viene usato. Infatti il catechista nelle terre di missione si differenzia da quello delle nostre realt\u00e0 di antica tradizione; e cos\u00ec il catechista che si dedica solo all\u2019annuncio nell\u2019iniziazione cristiana si differenzia da quello che svolge, per mancanza di presbiteri o diaconi, compiti pastorali come guida alla preghiera liturgica domenicale, assistenza ai poveri e malati, celebrazione delle esequie\u2026 Pertanto, conclude la Lettera, che \u201cnon tutti coloro che vengono chiamati catechisti\u2026devono essere istituiti ministerialmente\u201d. \u00c8 infatti sufficiente che, all\u2019inizio di ogni anno pastorale, \u201cricevano un pubblico Mandato ecclesiale con il quale viene loro affidata tale indispensabile funzione\u201d. I requisiti che Papa Francesco evidenzia nel <em>Motu Proprio<\/em> dover essere propri del candidato al Ministero, sono quelli stessi del catechista \u201cmandato\u201d che opera nelle nostre parrocchie; \u00e8 differente dunque solo il contesto ecclesiale del servizio e le necessit\u00e0 apostoliche che in esso sono presenti, secondo il discernimento dei pastori locali. Identico \u00e8 il fondamento: \u201cla comune condizione di battezzato e il sacerdozio regale ricevuto nel sacramento del Battesimo\u201d. Il Rito Liturgico di istituzione \u201c<em>De istituzione catechistorum<\/em>\u201d promulgato dalla Sede Apostolica \u00e8 officiato dal Vescovo durante una Messa o una Celebrazione della Parola e potr\u00e0 essere adattato dalle Conferenze Episcopali in relazione al ruolo che assumeranno i catechisti in quella realt\u00e0 ecclesiale.<\/p>\n<p style=\"text-align: right;\"><em>Maria Galizia Sanna<\/em><\/p>\n","protected":false},"excerpt":{"rendered":"<p>\u201cIn forza dell\u2019autorit\u00e0 apostolica istituisco il Ministero laicale del Catechista. La Congregazione per il Culto Divino e la Disciplina dei Sacramenti provveder\u00e0 entro breve tempo a pubblicare il Rito di Istituzione del Ministero laicale di catechista. Invito dunque le Conferenze Episcopali a rendere fattivo il Ministero di catechista, stabilendo l\u2019iter formativo necessario e i criteri [&hellip;]<\/p>\n","protected":false},"author":3,"featured_media":548,"comment_status":"closed","ping_status":"open","sticky":false,"template":"","format":"standard","meta":{"_acf_changed":false,"footnotes":""},"categories":[6],"tags":[],"class_list":["post-547","post","type-post","status-publish","format-standard","has-post-thumbnail","hentry","category-disciplina-dei-sacramenti-2"],"acf":[],"_links":{"self":[{"href":"https:\/\/www.chiesadigenova.it\/liturgico\/wp-json\/wp\/v2\/posts\/547","targetHints":{"allow":["GET"]}}],"collection":[{"href":"https:\/\/www.chiesadigenova.it\/liturgico\/wp-json\/wp\/v2\/posts"}],"about":[{"href":"https:\/\/www.chiesadigenova.it\/liturgico\/wp-json\/wp\/v2\/types\/post"}],"author":[{"embeddable":true,"href":"https:\/\/www.chiesadigenova.it\/liturgico\/wp-json\/wp\/v2\/users\/3"}],"replies":[{"embeddable":true,"href":"https:\/\/www.chiesadigenova.it\/liturgico\/wp-json\/wp\/v2\/comments?post=547"}],"version-history":[{"count":1,"href":"https:\/\/www.chiesadigenova.it\/liturgico\/wp-json\/wp\/v2\/posts\/547\/revisions"}],"predecessor-version":[{"id":756,"href":"https:\/\/www.chiesadigenova.it\/liturgico\/wp-json\/wp\/v2\/posts\/547\/revisions\/756"}],"wp:featuredmedia":[{"embeddable":true,"href":"https:\/\/www.chiesadigenova.it\/liturgico\/wp-json\/wp\/v2\/media\/548"}],"wp:attachment":[{"href":"https:\/\/www.chiesadigenova.it\/liturgico\/wp-json\/wp\/v2\/media?parent=547"}],"wp:term":[{"taxonomy":"category","embeddable":true,"href":"https:\/\/www.chiesadigenova.it\/liturgico\/wp-json\/wp\/v2\/categories?post=547"},{"taxonomy":"post_tag","embeddable":true,"href":"https:\/\/www.chiesadigenova.it\/liturgico\/wp-json\/wp\/v2\/tags?post=547"}],"curies":[{"name":"wp","href":"https:\/\/api.w.org\/{rel}","templated":true}]}}