{"id":586,"date":"2026-02-17T11:57:30","date_gmt":"2026-02-17T10:57:30","guid":{"rendered":"https:\/\/www.chiesadigenova.it\/formazione\/?p=586"},"modified":"2026-03-18T10:38:05","modified_gmt":"2026-03-18T09:38:05","slug":"fr-roberto-pasolini-al-quarto-incontro-il-volto-autentico-della-fraternita-cristiana","status":"publish","type":"post","link":"https:\/\/www.chiesadigenova.it\/formazione\/fr-roberto-pasolini-al-quarto-incontro-il-volto-autentico-della-fraternita-cristiana\/","title":{"rendered":"Fr. Roberto Pasolini al quarto incontro: \u00abIl volto autentico della fraternit\u00e0 cristiana\u00bb. I VIDEO, LE FOTO, IL TESTO, LA RESTITUZIONE DEI TAVOLI"},"content":{"rendered":"<div id=\"pl-586\"  class=\"panel-layout\" ><div id=\"pg-586-0\"  class=\"panel-grid panel-no-style\" ><div id=\"pgc-586-0-0\"  class=\"panel-grid-cell\" ><div id=\"panel-586-0-0-0\" class=\"so-panel widget widget_media_image panel-first-child panel-last-child\" data-index=\"0\" ><figure style=\"width: 1024px\" class=\"wp-caption alignnone\"><img loading=\"lazy\" decoding=\"async\" width=\"1024\" height=\"582\" src=\"https:\/\/www.chiesadigenova.it\/formazione\/wp-content\/uploads\/sites\/33\/2026\/02\/IMG_9309-1024x582.jpg\" class=\"image wp-image-658  attachment-large size-large\" alt=\"\" style=\"max-width: 100%; height: auto;\" srcset=\"https:\/\/www.chiesadigenova.it\/formazione\/wp-content\/uploads\/sites\/33\/2026\/02\/IMG_9309-1024x582.jpg 1024w, https:\/\/www.chiesadigenova.it\/formazione\/wp-content\/uploads\/sites\/33\/2026\/02\/IMG_9309-300x170.jpg 300w, https:\/\/www.chiesadigenova.it\/formazione\/wp-content\/uploads\/sites\/33\/2026\/02\/IMG_9309-768x436.jpg 768w, https:\/\/www.chiesadigenova.it\/formazione\/wp-content\/uploads\/sites\/33\/2026\/02\/IMG_9309-1536x872.jpg 1536w, https:\/\/www.chiesadigenova.it\/formazione\/wp-content\/uploads\/sites\/33\/2026\/02\/IMG_9309-2048x1163.jpg 2048w\" sizes=\"auto, (max-width: 1024px) 100vw, 1024px\" \/><figcaption class=\"wp-caption-text\">Fr. Roberto Pasolini OFM CAP<\/figcaption><\/figure><\/div><\/div><\/div><div id=\"pg-586-1\"  class=\"panel-grid panel-no-style\" ><div id=\"pgc-586-1-0\"  class=\"panel-grid-cell\" ><div id=\"panel-586-1-0-0\" class=\"so-panel widget widget_sow-editor panel-first-child\" data-index=\"1\" ><div\n\t\t\t\n\t\t\tclass=\"so-widget-sow-editor so-widget-sow-editor-base\"\n\t\t\t\n\t\t>\n<div class=\"siteorigin-widget-tinymce textwidget\">\n\t<p>Grande partecipazione al quarto incontro del cammino diocesano di formazione unitaria \u201cGes\u00f9: pace a voi\u201d. Sabato 14 febbraio in Cattedrale e nelle altre sette sedi collegate sul territorio della Diocesi \u00e8 intervenuto Padre Roberto Pasolini, Predicatore della Casa Pontificia, che ha parlato di \u201cGes\u00f9: nel Figlio diveniamo fratelli di tutti\u201d.<br \/>Padre Roberto ha riflettuto sulla fraternit\u00e0 cristiana e sulla sua capacit\u00e0 di allargarsi. Non per strategia, ma per autenticit\u00e0.<br \/>Il punto di partenza \u00e8 stato un richiamo al dibattito liturgico sull\u2019espressione della Messa: \u201cper tutti\u201d o \u201cper molti\u201d. Nel linguaggio biblico \u201cmolti\u201d non indica esclusione, ma apertura. \u00c8 un invito implicito: questo dono non pu\u00f2 restare chiuso tra pochi, \u00e8 destinato ad ampliarsi. La domanda allora diventa concreta: come possiamo diventare fratelli non solo \u201cdi tutti\u201d in teoria, ma realmente \u201cdi molti\u201d?<br \/>La risposta passa dalla Pentecoste. Gli apostoli diventano missionari non quando affinano tecniche comunicative, ma quando smettono di avere paura e vergogna dei propri fallimenti. Dopo aver sperimentato il perdono, parlano con libert\u00e0.<br \/>La lingua nuova della Pentecoste \u00e8 l\u2019autenticit\u00e0 di uomini fragili riconciliati con la propria storia. \u00c8 questa verit\u00e0 che rende l\u2019annuncio comprensibile.<br \/>Emblematico l\u2019episodio di Filippo e dell\u2019eunuco etiope, narrato negli Atti degli Apostoli. Filippo non inizia con un discorso, ma si accosta, cammina accanto, pone una domanda.<br \/>L\u2019annuncio nasce da un ascolto, dall\u2019intercettare una ferita. Evangelizzare \u00e8 dunque offrire il nome di chi pu\u00f2 dare compimento a una domanda gi\u00e0 presente nel cuore.<br \/>Anche l\u2019incontro tra Pietro e Cornelio, icona celebre del primo anno del cammino sinodale, mostra che lo Spirito \u00e8 gi\u00e0 all\u2019opera oltre i confini abituali. La fraternit\u00e0 si allarga quando i cristiani smettono di sentirsi un \u201ccircolo di brave persone\u201d e tornano a riconoscersi come peccatori perdonati.<br \/>Diventare fratelli \u201cdi molti\u201d non significa moltiplicare iniziative, ma togliere ostacoli, accostarsi, ascoltare, testimoniare con semplicit\u00e0 la gioia di essere amati.<\/p>\n<\/div>\n<\/div><\/div><div id=\"panel-586-1-0-1\" class=\"so-panel widget widget_sow-button panel-last-child\" data-index=\"2\" ><div\n\t\t\t\n\t\t\tclass=\"so-widget-sow-button so-widget-sow-button-flat-279f250ddbb6-586\"\n\t\t\t\n\t\t><div class=\"ow-button-base ow-button-align-center\">\n\t<a\n\thref=\"https:\/\/www.chiesadigenova.it\/formazione\/14-febbraio-2026-foto-del-quarto-incontro-di-formazione-diocesana\/\"\n\t\tclass=\"ow-icon-placement-left ow-button-hover\" \t>\n\t\t<span>\n\t\t\t\n\t\t\tVEDI TUTTE LE FOTO DEL QUARTO INCONTRO\t\t<\/span>\n\t<\/a>\n<\/div>\n<\/div><\/div><\/div><\/div><div id=\"pg-586-2\"  class=\"panel-grid panel-no-style\" ><div id=\"pgc-586-2-0\"  class=\"panel-grid-cell\" ><div id=\"panel-586-2-0-0\" class=\"so-panel widget widget_media_video panel-first-child panel-last-child\" data-index=\"3\" ><h3 class=\"widget-title\">IL VIDEO INTEGRALE<\/h3><div style=\"width:100%;\" class=\"wp-video\"><!--[if lt IE 9]><script>document.createElement('video');<\/script><![endif]-->\n<video class=\"wp-video-shortcode\" id=\"video-586-1\" preload=\"metadata\" controls=\"controls\"><source type=\"video\/youtube\" src=\"https:\/\/www.youtube.com\/watch?v=WOshTxZOjJE&#038;t=2093s&#038;_=1\" \/><a href=\"https:\/\/www.youtube.com\/watch?v=WOshTxZOjJE&#038;t=2093s\" data-rel=\"lightbox-video-0\">https:\/\/www.youtube.com\/watch?v=WOshTxZOjJE&#038;t=2093s<\/a><\/video><\/div><\/div><\/div><div id=\"pgc-586-2-1\"  class=\"panel-grid-cell\" ><div id=\"panel-586-2-1-0\" class=\"so-panel widget widget_media_video panel-first-child panel-last-child\" data-index=\"4\" ><h3 class=\"widget-title\">LE INTERVISTE<\/h3><div style=\"width:100%;\" class=\"wp-video\"><video class=\"wp-video-shortcode\" id=\"video-586-2\" preload=\"metadata\" controls=\"controls\"><source type=\"video\/youtube\" src=\"https:\/\/www.youtube.com\/watch?v=oOisk76hdJk&#038;_=2\" \/><a href=\"https:\/\/www.youtube.com\/watch?v=oOisk76hdJk\" data-rel=\"lightbox-video-1\">https:\/\/www.youtube.com\/watch?v=oOisk76hdJk<\/a><\/video><\/div><\/div><\/div><\/div><div id=\"pg-586-3\"  class=\"panel-grid panel-no-style\" ><div id=\"pgc-586-3-0\"  class=\"panel-grid-cell\" ><div id=\"panel-586-3-0-0\" class=\"widget_text so-panel widget widget_custom_html panel-first-child panel-last-child\" data-index=\"5\" ><h3 class=\"widget-title\">IL TESTO DELLA RIFLESSIONE DI FR. PASOLINI<\/h3><div class=\"textwidget custom-html-widget\"><div class=\"_df_book df-lite\" id=\"df_652\"  _slug=\"formazione-diocesana_pasolini\" data-title=\"formazione-diocesana_pasolini\" wpoptions=\"true\" thumbtype=\"\" ><\/div><script class=\"df-shortcode-script\" type=\"application\/javascript\">window.option_df_652 = {\"outline\":[],\"autoEnableOutline\":\"false\",\"autoEnableThumbnail\":\"false\",\"overwritePDFOutline\":\"false\",\"direction\":\"1\",\"pageSize\":\"0\",\"source\":\"https:\\\/\\\/www.chiesadigenova.it\\\/formazione\\\/wp-content\\\/uploads\\\/sites\\\/33\\\/2026\\\/03\\\/Formazione-Diocesana_2025_26_Pasolini.pdf\",\"wpOptions\":\"true\"}; if(window.DFLIP && window.DFLIP.parseBooks){window.DFLIP.parseBooks();}<\/script><\/div><\/div><\/div><div id=\"pgc-586-3-1\"  class=\"panel-grid-cell\" ><div id=\"panel-586-3-1-0\" class=\"widget_text so-panel widget widget_custom_html panel-first-child panel-last-child\" data-index=\"6\" ><h3 class=\"widget-title\">LA RESTITUZIONE DEI TAVOLI DEL QUARTO INCONTRO<\/h3><div class=\"textwidget custom-html-widget\"><div class=\"_df_book df-lite\" id=\"df_662\"  _slug=\"formazione-diocesana_quarto-incontro_restituzione-tavoli\" data-title=\"formazione-diocesana_quarto-incontro_restituzione-tavoli\" wpoptions=\"true\" thumbtype=\"\" ><\/div><script class=\"df-shortcode-script\" type=\"application\/javascript\">window.option_df_662 = {\"outline\":[],\"autoEnableOutline\":\"false\",\"autoEnableThumbnail\":\"false\",\"overwritePDFOutline\":\"false\",\"direction\":\"1\",\"pageSize\":\"0\",\"source\":\"https:\\\/\\\/www.chiesadigenova.it\\\/formazione\\\/wp-content\\\/uploads\\\/sites\\\/33\\\/2026\\\/03\\\/Formazione-Diocesana_2025_26_Restituzione-Tavoli_Quarto-Incontro.pdf\",\"wpOptions\":\"true\"}; if(window.DFLIP && window.DFLIP.parseBooks){window.DFLIP.parseBooks();}<\/script><\/div><\/div><\/div><\/div><\/div>","protected":false},"excerpt":{"rendered":"<p>Grande partecipazione al quarto incontro del cammino diocesano di formazione unitaria \u201cGes\u00f9: pace a voi\u201d. Sabato 14 febbraio in Cattedrale e nelle altre sette sedi collegate sul territorio della Diocesi \u00e8 intervenuto Padre Roberto Pasolini, Predicatore della Casa Pontificia, che ha parlato di \u201cGes\u00f9: nel Figlio diveniamo fratelli di tutti\u201d.Padre Roberto ha riflettuto sulla fraternit\u00e0 [&hellip;]<\/p>\n","protected":false},"author":3,"featured_media":587,"comment_status":"closed","ping_status":"closed","sticky":false,"template":"","format":"standard","meta":{"_acf_changed":false,"footnotes":""},"categories":[3],"tags":[],"class_list":["post-586","post","type-post","status-publish","format-standard","has-post-thumbnail","hentry","category-notizie"],"acf":[],"_links":{"self":[{"href":"https:\/\/www.chiesadigenova.it\/formazione\/wp-json\/wp\/v2\/posts\/586","targetHints":{"allow":["GET"]}}],"collection":[{"href":"https:\/\/www.chiesadigenova.it\/formazione\/wp-json\/wp\/v2\/posts"}],"about":[{"href":"https:\/\/www.chiesadigenova.it\/formazione\/wp-json\/wp\/v2\/types\/post"}],"author":[{"embeddable":true,"href":"https:\/\/www.chiesadigenova.it\/formazione\/wp-json\/wp\/v2\/users\/3"}],"replies":[{"embeddable":true,"href":"https:\/\/www.chiesadigenova.it\/formazione\/wp-json\/wp\/v2\/comments?post=586"}],"version-history":[{"count":23,"href":"https:\/\/www.chiesadigenova.it\/formazione\/wp-json\/wp\/v2\/posts\/586\/revisions"}],"predecessor-version":[{"id":791,"href":"https:\/\/www.chiesadigenova.it\/formazione\/wp-json\/wp\/v2\/posts\/586\/revisions\/791"}],"wp:featuredmedia":[{"embeddable":true,"href":"https:\/\/www.chiesadigenova.it\/formazione\/wp-json\/wp\/v2\/media\/587"}],"wp:attachment":[{"href":"https:\/\/www.chiesadigenova.it\/formazione\/wp-json\/wp\/v2\/media?parent=586"}],"wp:term":[{"taxonomy":"category","embeddable":true,"href":"https:\/\/www.chiesadigenova.it\/formazione\/wp-json\/wp\/v2\/categories?post=586"},{"taxonomy":"post_tag","embeddable":true,"href":"https:\/\/www.chiesadigenova.it\/formazione\/wp-json\/wp\/v2\/tags?post=586"}],"curies":[{"name":"wp","href":"https:\/\/api.w.org\/{rel}","templated":true}]}}