{"id":856,"date":"2026-01-27T17:08:19","date_gmt":"2026-01-27T16:08:19","guid":{"rendered":"https:\/\/www.chiesadigenova.it\/ecumenismo\/?p=856"},"modified":"2026-01-27T17:08:19","modified_gmt":"2026-01-27T16:08:19","slug":"svolta-in-cattedrale-la-veglia-ecumenica-in-cristo-messaggeri-di-pace","status":"publish","type":"post","link":"https:\/\/www.chiesadigenova.it\/ecumenismo\/svolta-in-cattedrale-la-veglia-ecumenica-in-cristo-messaggeri-di-pace\/","title":{"rendered":"Svolta in Cattedrale la Veglia ecumenica: in Cristo messaggeri di pace"},"content":{"rendered":"<p>Venerd\u00ec 23 gennaio si \u00e8 svolta in Cattedrale la veglia ecumenica di preghiera per l\u2019unit\u00e0 dei cristiani nell\u2019ambito delle iniziative per la Settimana di preghiera per l\u2019unit\u00e0 dei cristiani nella nostra citt\u00e0.<\/p>\n<p>\u201cUno solo \u00e8 il corpo, uno solo \u00e8 lo Spirito come una sola \u00e8 la speranza alla quale Dio vi ha chiamati\u201d questo il tema e il filo conduttore dei vari interventi.<\/p>\n<p>\u00c8 stata preparata dall\u2019\u00e9quipe ecumenica della diocesi in molti incontri, fondamentali e profondamente arricchenti, momenti preziosi per costruire rapporti, offrire e accogliere proposte, vivere la fraternit\u00e0 fra le chiese e ora, entrando in Cattedrale, l\u2019unit\u00e0 costruita \u00e8 quello che si pu\u00f2 portare in dono a chi parteciper\u00e0, sfidando la pioggia e la serata insolitamente gelida anche in questa stagione.<\/p>\n<p>A poco a poco le panche si riempiono. Nell\u2019aria si diffondono le note del bellissimo preludio suonato magistralmente dai cori riuniti Associazione Voltrimusica e Coro G.B. Chiossone-Arenzano. C\u2019\u00e8 pace e attesa.<\/p>\n<p>Il pastore valdese William Jourdan introduce la veglia sottolineando come \u201cl\u2019unit\u00e0 delle chiese cristiane rappresenti una delle sfide pi\u00f9 significative e urgenti del nostro tempo. In un mondo sempre pi\u00f9 frammentato, dove le forze di divisione sembrano prevalere, la chiamata all\u2019unit\u00e0 \u00e8 un invito a riconoscere e valorizzare le differenze e a lavorare insieme per il bene comune\u201d.<\/p>\n<p>I testi che ci guidano quest\u2019anno nella preghiera sono stati preparati dai cristiani dell\u2019Armenia.<\/p>\n<p>\u201cPer quasi due millenni,- proferisce solennemente il Pastore- la Chiesa apostolica armena, riconosciuta come una delle pi\u00f9 antiche comunit\u00e0 cristiane al mondo, ha avuto un ruolo fondamentale nel guidare l\u2019identit\u00e0 spirituale e storica del popolo armeno. Fondata all\u2019inizio del IV secolo, con radici che risalgono all\u2019epoca apostolica, questa comunit\u00e0 di fede trascende la semplice organizzazione religiosa; infatti, \u00e8 simbolo di resilienza nazionale, patrimonio culturale e forza spirituale. Oltre a offrire una guida spirituale, la Chiesa ha preservato le tradizioni, la lingua e i valori armeni, soprattutto durante i periodi di maggiore avversit\u00e0 e di dominazione straniera\u201d<\/p>\n<p>E\u2019 la chiave di volta della Veglia. In questi duemila anni di storia, affondano le radici di tutti noi, appartenenti a varie denominazioni, anglicani, ortodossi, battisti, cattolici, luterani, pentecostali\u2026, ma prima di tutto<strong> cristiani<\/strong>, chiamati ad essere un solo corpo e a portare la speranza alla quale Dio ci ha chiamati a un mondo lacerato da guerre e divisioni, come ci ricorda Padre Tasca.<\/p>\n<p>Le parole di Ges\u00f9, proclamate nel Vangelo, suonano come un monito e una promessa: \u201cAncora per poco la luce \u00e8 fra voi. Camminate finch\u00e9 avete la luce, prima che il buio vi sorprenda. Chi cammina al buio non sa dove va. Mentre avete la luce, credete nella luce! Cos\u00ec sarete veramente figli della luce.\u201d<\/p>\n<p>Figli della luce, tutti, finch\u00e9 restiamo uniti a Ges\u00f9, fedeli all\u2019unico battesimo che abbiamo ricevuto nel nome del Padre, del Figlio, dello Spirito Santo, come sottolinea con forza Il Canonico Morley nel bellissimo sermone che andrebbe riportato integralmente.<\/p>\n<p>Bach accompagna e sostiene la pausa di riflessione e Padre Herzl ci riporta ancora alla nostra comune storia millenaria presentandoci l\u2019icona del Santo Volto di Ges\u00f9, custodito e venerato nella chiesa barnabitica di San Bartolomeo degli Armeni in Genova.<\/p>\n<p>Preghiamo insieme il Credo niceno- costantinopolitano, penso con una consapevolezza diversa.<\/p>\n<p>Si potrebbe chiudere qui: unico il battesimo, unico il Credo, una sola la nostra storia millenaria. Invece Eugenia e Maria, con la loro splendida testimonianza di buio e di luce, di dolore e di amore, di quotidianit\u00e0 sui passi di Ges\u00f9, ci richiamano al nostro essere oggi in cammino per testimoniare con la nostra vita il Vangelo e far s\u00ec che la storia continui e la Luce ricevuta arrivi ad altri e poi ad altri ancora.<\/p>\n<p>Chiss\u00e0 se qualcuno prendendo e portando a casa il lumino racchiuso in una stella di cartoncino colorato che le suore clarisse cappuccine hanno preparato per tutti noi ci avr\u00e0 pensato quando si \u00e8 rituffato nel buio e nel freddo della notte.<\/p>\n<p style=\"text-align: right;\"><strong>Tiziana Brunengo<\/strong><\/p>\n","protected":false},"excerpt":{"rendered":"<p>Venerd\u00ec 23 gennaio si \u00e8 svolta in Cattedrale la veglia ecumenica di preghiera per l\u2019unit\u00e0 dei cristiani nell\u2019ambito delle iniziative per la Settimana di preghiera per l\u2019unit\u00e0 dei cristiani nella nostra citt\u00e0. \u201cUno solo \u00e8 il corpo, uno solo \u00e8 lo Spirito come una sola \u00e8 la speranza alla quale Dio vi ha chiamati\u201d questo [&hellip;]<\/p>\n","protected":false},"author":3,"featured_media":857,"comment_status":"open","ping_status":"open","sticky":false,"template":"","format":"standard","meta":{"_acf_changed":false,"footnotes":""},"categories":[3],"tags":[],"class_list":["post-856","post","type-post","status-publish","format-standard","has-post-thumbnail","hentry","category-notizie"],"acf":[],"_links":{"self":[{"href":"https:\/\/www.chiesadigenova.it\/ecumenismo\/wp-json\/wp\/v2\/posts\/856","targetHints":{"allow":["GET"]}}],"collection":[{"href":"https:\/\/www.chiesadigenova.it\/ecumenismo\/wp-json\/wp\/v2\/posts"}],"about":[{"href":"https:\/\/www.chiesadigenova.it\/ecumenismo\/wp-json\/wp\/v2\/types\/post"}],"author":[{"embeddable":true,"href":"https:\/\/www.chiesadigenova.it\/ecumenismo\/wp-json\/wp\/v2\/users\/3"}],"replies":[{"embeddable":true,"href":"https:\/\/www.chiesadigenova.it\/ecumenismo\/wp-json\/wp\/v2\/comments?post=856"}],"version-history":[{"count":1,"href":"https:\/\/www.chiesadigenova.it\/ecumenismo\/wp-json\/wp\/v2\/posts\/856\/revisions"}],"predecessor-version":[{"id":858,"href":"https:\/\/www.chiesadigenova.it\/ecumenismo\/wp-json\/wp\/v2\/posts\/856\/revisions\/858"}],"wp:featuredmedia":[{"embeddable":true,"href":"https:\/\/www.chiesadigenova.it\/ecumenismo\/wp-json\/wp\/v2\/media\/857"}],"wp:attachment":[{"href":"https:\/\/www.chiesadigenova.it\/ecumenismo\/wp-json\/wp\/v2\/media?parent=856"}],"wp:term":[{"taxonomy":"category","embeddable":true,"href":"https:\/\/www.chiesadigenova.it\/ecumenismo\/wp-json\/wp\/v2\/categories?post=856"},{"taxonomy":"post_tag","embeddable":true,"href":"https:\/\/www.chiesadigenova.it\/ecumenismo\/wp-json\/wp\/v2\/tags?post=856"}],"curies":[{"name":"wp","href":"https:\/\/api.w.org\/{rel}","templated":true}]}}