{"id":852,"date":"2026-01-21T11:38:37","date_gmt":"2026-01-21T10:38:37","guid":{"rendered":"https:\/\/www.chiesadigenova.it\/ecumenismo\/?p=852"},"modified":"2026-01-23T11:50:42","modified_gmt":"2026-01-23T10:50:42","slug":"il-sogno-di-essere-uno-dalla-scrittura-alla-nuova-carta-ecumenica-la-conferenza-di-don-bernardo-gianni-e-di-erica-sfredda","status":"publish","type":"post","link":"https:\/\/www.chiesadigenova.it\/ecumenismo\/il-sogno-di-essere-uno-dalla-scrittura-alla-nuova-carta-ecumenica-la-conferenza-di-don-bernardo-gianni-e-di-erica-sfredda\/","title":{"rendered":"\u201cIl sogno di essere uno: dalla Scrittura alla Nuova carta Ecumenica\u201d, la Conferenza di Don Bernardo Gianni e di Erica Sfredda"},"content":{"rendered":"<p>\u201cReggete ancora porte invisibili dell\u2019alleanza, bastioni di sereno !\u201d con questa invocazione, tratta da una poesia di Mariangela Gualtieri, ha concluso il suo intervento e la conferenza dom Bernardo Gianni, Abate benedettino di San Miniato al Monte (Firenze), che ha partecipato all\u2019incontro tenutosi nella sala Frate Sole (messa a disposizione dalla Comunit\u00e0 d\u00ec Sant\u2019Egidio) nell\u2019ambito delle iniziative per la Settimana di preghiera per l\u2019unit\u00e0 dei cristiani a Genova.<\/p>\n<p>Padre Bernardo, che ha dipinto le Chiese come \u201cfiori diversi nel giardino del Regno di Dio, chiamati a sbocciare insieme\u201d ha sollecitato i cristiani delle diverse confessioni ad \u201caccordare le molteplici responsabilit\u00e0 per essere un fermento di unit\u00e0, ricordando che la preghiera ci apre ad un anelito ecumenico ed unitivo\u201d. Riprendendo le parole del poeta Mario Luzi, l\u2019abate ha condiviso il sogno che la chiesa, tutte le chiese possano diventare un \u00ablaboratorio delle anime\u00bb, febbrile e \u00abinfuocato\u00bb opificio dove \u00absi ricoverano gli sperduti\u2026 si raccolgono i relitti, si raggiustano i rottami\u00bb e soprattutto \u00absi fabbricano ali per il volo, in questa officina\u00bb.<\/p>\n<p>Prima di dom Bernardo era intervenuta Erica Sfredda, predicatrice valdese proveniente da Torino e gi\u00e0 presidente nazionale del SAE (Segretariato attivit\u00e0 ecumeniche) fino allo scorso 31 dicembre 2025. Erica, partendo dal richiamo di Efesini 4,1 \u201ccomportatevi in maniera degna della chiamata che avete ricevuto\u201d, ha proposto le sfide alla dignit\u00e0 del dirsi cristiani nella complessit\u00e0 dei tempi che viviamo. Le stesse sfide che hanno portato all\u2019 aggiornamento alla Charta Oecumenica del 2001, sottoscritto nel 2025 dalle chiese europee &#8211; Conferenze Episcopali Europee (CCEE) e della Conferenza delle Chiese Europee (KEK). \u00c8 stato proposto un ampio e significativo compendio di ci\u00f2 che le chiese hanno recepito e concordato per essere testimoni efficaci del Signore Ges\u00f9 in questi tempi difficili. La crisi climatica, le guerre, le migrazioni, le nuove tecnologie sono le sfide che ha recepito la Charta Oecumenica \u201cper non parlare solo di unit\u00e0 ma viverla, al di l\u00e0 della stanchezza che a volte rallenta il cammino ecumenico\u201d.<\/p>\n<p>Concludendo con l\u2019invito ad ascoltare i giovani, risorsa vera della chiesa. Gli interventi dei due relatori sono stati inframezzati dall\u2019esecuzione musicale del prof. Fabrizio Giudice, docente di chitarra al Conservatorio \u201cPaganini\u201d di Genova. Con la sua chitarra il maestro ha proposto brani che sono stati particolarmente apprezzati dal pubblico presente per la loro bellezza e per la magistrale esecuzione. I brani proposti: Una limosna por el Amor de Dios\u201d di Augustin Barrios Mangore, Fuga BWV 1000 (di J.S.Bach), Ave Maria (F. Schubert arr. Gorlin\/Giudice) Padre Nazareno Fabretti (1920-1997), che volle e fond\u00f2 la Sala Frate Sole nei locali dell\u2019Annunziata (dove ospit\u00f2, fra gli altri, Giuseppe Dossetti e Giorgio La Pira, don Primo Mazzolari e don Lorenzo Milani, padre David Maria Turoldo ed Ernesto Balducci; inoltre invitava giornalisti come Enzo Biagi e Guglielmo Zucconi, gli attori di teatro in tourn\u00e9e a Genova, scrittori ed intellettuali), avrebbe gioito nel vedere in essa riuniti cristiani delle diverse confessioni, intenti ad ascoltare parole e musiche che parlavano alla mente e ai cuori.<\/p>\n<p style=\"text-align: right;\"><strong>Luciano Rosasco<\/strong><\/p>\n","protected":false},"excerpt":{"rendered":"<p>\u201cReggete ancora porte invisibili dell\u2019alleanza, bastioni di sereno !\u201d con questa invocazione, tratta da una poesia di Mariangela Gualtieri, ha concluso il suo intervento e la conferenza dom Bernardo Gianni, Abate benedettino di San Miniato al Monte (Firenze), che ha partecipato all\u2019incontro tenutosi nella sala Frate Sole (messa a disposizione dalla Comunit\u00e0 d\u00ec Sant\u2019Egidio) nell\u2019ambito [&hellip;]<\/p>\n","protected":false},"author":3,"featured_media":853,"comment_status":"open","ping_status":"open","sticky":false,"template":"","format":"standard","meta":{"_acf_changed":false,"footnotes":""},"categories":[3],"tags":[],"class_list":["post-852","post","type-post","status-publish","format-standard","has-post-thumbnail","hentry","category-notizie"],"acf":[],"_links":{"self":[{"href":"https:\/\/www.chiesadigenova.it\/ecumenismo\/wp-json\/wp\/v2\/posts\/852","targetHints":{"allow":["GET"]}}],"collection":[{"href":"https:\/\/www.chiesadigenova.it\/ecumenismo\/wp-json\/wp\/v2\/posts"}],"about":[{"href":"https:\/\/www.chiesadigenova.it\/ecumenismo\/wp-json\/wp\/v2\/types\/post"}],"author":[{"embeddable":true,"href":"https:\/\/www.chiesadigenova.it\/ecumenismo\/wp-json\/wp\/v2\/users\/3"}],"replies":[{"embeddable":true,"href":"https:\/\/www.chiesadigenova.it\/ecumenismo\/wp-json\/wp\/v2\/comments?post=852"}],"version-history":[{"count":1,"href":"https:\/\/www.chiesadigenova.it\/ecumenismo\/wp-json\/wp\/v2\/posts\/852\/revisions"}],"predecessor-version":[{"id":854,"href":"https:\/\/www.chiesadigenova.it\/ecumenismo\/wp-json\/wp\/v2\/posts\/852\/revisions\/854"}],"wp:featuredmedia":[{"embeddable":true,"href":"https:\/\/www.chiesadigenova.it\/ecumenismo\/wp-json\/wp\/v2\/media\/853"}],"wp:attachment":[{"href":"https:\/\/www.chiesadigenova.it\/ecumenismo\/wp-json\/wp\/v2\/media?parent=852"}],"wp:term":[{"taxonomy":"category","embeddable":true,"href":"https:\/\/www.chiesadigenova.it\/ecumenismo\/wp-json\/wp\/v2\/categories?post=852"},{"taxonomy":"post_tag","embeddable":true,"href":"https:\/\/www.chiesadigenova.it\/ecumenismo\/wp-json\/wp\/v2\/tags?post=852"}],"curies":[{"name":"wp","href":"https:\/\/api.w.org\/{rel}","templated":true}]}}