{"id":844,"date":"2026-01-22T17:15:42","date_gmt":"2026-01-22T16:15:42","guid":{"rendered":"https:\/\/www.chiesadigenova.it\/ecumenismo\/?p=844"},"modified":"2026-01-23T11:38:07","modified_gmt":"2026-01-23T10:38:07","slug":"venerdi-23-gennaio-2026-in-cattedrale-la-veglia-ecumenica-di-preghiera-per-lunita-dei-cristiani-il-libretto-della-celebrazione","status":"publish","type":"post","link":"https:\/\/www.chiesadigenova.it\/ecumenismo\/venerdi-23-gennaio-2026-in-cattedrale-la-veglia-ecumenica-di-preghiera-per-lunita-dei-cristiani-il-libretto-della-celebrazione\/","title":{"rendered":"Venerd\u00ec 23 gennaio 2026 in Cattedrale la Veglia ecumenica di preghiera per l&#8217;unit\u00e0 dei cristiani &#8211; IL LIBRETTO DELLA CELEBRAZIONE"},"content":{"rendered":"<p><strong>Venerd\u00ec 23 gennaio alle ore 18.30 in Cattedrale si svolge la <\/strong>VEGLIA ECUMENICA sul tema<br \/>\n\u00abUNO SOLO \u00c8 IL CORPO, UNO SOLO \u00c8 LO SPIRITO COME UNA SOLA E LA SPERANZA ALLA QUALE DIO VI HA CHIAMATI\u00bb<br \/>\n<em><strong>Con la partecipazione di:<\/strong><\/em><br \/>\nArcivescovo Mons. Marco Tasca, Chiesa cattolica di Genova<br \/>\nPadre Adolfo Herzl<br \/>\nRev. Can. Robert Rushforth Morley, Chiesa anglicana di Genova<br \/>\n<em>Canti a cura di<\/em><br \/>\nCori riuniti Associazione Voltrimusica<br \/>\nCoro G.B. Chiossone \u2013 Arenzano<\/p>\n<p><a href=\"https:\/\/www.chiesadigenova.it\/ecumenismo\/wp-content\/uploads\/sites\/30\/2026\/01\/LIBRETTO_CELEBRAZIONE-ECUMENICA-SPUC-2026-Veglia-23-gennaio-2026-Genova.pdf\"><strong>IL LIBRETTO DELLA CELEBRAZIONE<\/strong><\/a><\/p>\n","protected":false},"excerpt":{"rendered":"<p>Venerd\u00ec 23 gennaio alle ore 18.30 in Cattedrale si svolge la VEGLIA ECUMENICA sul tema \u00abUNO SOLO \u00c8 IL CORPO, UNO SOLO \u00c8 LO SPIRITO COME UNA SOLA E LA SPERANZA ALLA QUALE DIO VI HA CHIAMATI\u00bb Con la partecipazione di: Arcivescovo Mons. Marco Tasca, Chiesa cattolica di Genova Padre Adolfo Herzl Rev. Can. Robert [&hellip;]<\/p>\n","protected":false},"author":3,"featured_media":737,"comment_status":"open","ping_status":"open","sticky":false,"template":"","format":"standard","meta":{"_acf_changed":false,"footnotes":""},"categories":[3],"tags":[],"class_list":["post-844","post","type-post","status-publish","format-standard","has-post-thumbnail","hentry","category-notizie"],"acf":[],"_links":{"self":[{"href":"https:\/\/www.chiesadigenova.it\/ecumenismo\/wp-json\/wp\/v2\/posts\/844","targetHints":{"allow":["GET"]}}],"collection":[{"href":"https:\/\/www.chiesadigenova.it\/ecumenismo\/wp-json\/wp\/v2\/posts"}],"about":[{"href":"https:\/\/www.chiesadigenova.it\/ecumenismo\/wp-json\/wp\/v2\/types\/post"}],"author":[{"embeddable":true,"href":"https:\/\/www.chiesadigenova.it\/ecumenismo\/wp-json\/wp\/v2\/users\/3"}],"replies":[{"embeddable":true,"href":"https:\/\/www.chiesadigenova.it\/ecumenismo\/wp-json\/wp\/v2\/comments?post=844"}],"version-history":[{"count":4,"href":"https:\/\/www.chiesadigenova.it\/ecumenismo\/wp-json\/wp\/v2\/posts\/844\/revisions"}],"predecessor-version":[{"id":849,"href":"https:\/\/www.chiesadigenova.it\/ecumenismo\/wp-json\/wp\/v2\/posts\/844\/revisions\/849"}],"wp:featuredmedia":[{"embeddable":true,"href":"https:\/\/www.chiesadigenova.it\/ecumenismo\/wp-json\/wp\/v2\/media\/737"}],"wp:attachment":[{"href":"https:\/\/www.chiesadigenova.it\/ecumenismo\/wp-json\/wp\/v2\/media?parent=844"}],"wp:term":[{"taxonomy":"category","embeddable":true,"href":"https:\/\/www.chiesadigenova.it\/ecumenismo\/wp-json\/wp\/v2\/categories?post=844"},{"taxonomy":"post_tag","embeddable":true,"href":"https:\/\/www.chiesadigenova.it\/ecumenismo\/wp-json\/wp\/v2\/tags?post=844"}],"curies":[{"name":"wp","href":"https:\/\/api.w.org\/{rel}","templated":true}]}}