{"id":818,"date":"2025-10-16T11:11:57","date_gmt":"2025-10-16T09:11:57","guid":{"rendered":"https:\/\/www.chiesadigenova.it\/ecumenismo\/?p=818"},"modified":"2025-10-16T11:11:57","modified_gmt":"2025-10-16T09:11:57","slug":"iniziativa-sae-calendario-di-incontri-per-approfondire-la-conoscenza-del-testo-della-bibbia","status":"publish","type":"post","link":"https:\/\/www.chiesadigenova.it\/ecumenismo\/iniziativa-sae-calendario-di-incontri-per-approfondire-la-conoscenza-del-testo-della-bibbia\/","title":{"rendered":"Iniziativa SAE: calendario di incontri per approfondire la conoscenza del testo della Bibbia"},"content":{"rendered":"<p>Il 18 novembre 1965 (tra poco saranno 60 anni) veniva promulgata la Costituzione Conciliare \u201cDEI VERBUM\u201d. Con questo documento il Concilio Vaticano II ha affermato la centralit\u00e0 per la vita della Chiesa e per quella di ciascun cristiano della Parola di Dio: Parola ascoltata, studiata, meditata, fatta propria.<\/p>\n<p>La Parola di Dio \u00e8 al cuore della vita di ciascuna Chiesa, di tutte le Chiese: \u00e8, quindi, al centro anche del cammino verso l\u2019unit\u00e0.<\/p>\n<p>Ritrovarsi insieme, cristiani di diverse confessioni, di diverse tradizioni e sensibilit\u00e0, attorno al Testo Biblico \u00e8 fondamentale per il cammino ecumenico ed \u00e8, anche, una forma molto importante di comunione, di condivisione.<\/p>\n<p><strong>Il ciclo di incontri proposto si intitola infatti \u201cCondividere la Bibbia\u201d<\/strong> e si propone di favorirne la conoscenza da parte di chiunque desideri accostarsi al testo in modo semplice e al tempo stesso rigoroso, leggendo, approfondendo e meditando con spirito e metodo ecumenico.<\/p>\n<p><strong>Gli incontri sono aperti a tutti<\/strong>, sia a coloro che si accostano per la prima volta (o quasi) al testo biblico, sia a chi ha gi\u00e0 col testo stesso una pi\u00f9 o meno lunga consuetudine.<\/p>\n<p>Gli incontri si caratterizzano proprio perch\u00e9 permettono un reciproco scambio ed arricchimento e, consentono, come \u00e8 detto nel Vangelo, di trarre dal testo letto e meditato \u201ccose nuove e cose antiche\u201d (Mt 13,52).<\/p>\n<p><strong>Gli incontri si svolgono presso la sala (g.c.) del Circolo Culturale Valdese in via Curtatone 2 nei mesi di novembre (4 e 18) e dicembre (2 e 16) dalle 18.00 alle 19.30.<\/strong><\/p>\n<p style=\"text-align: right;\"><strong>Pierangela Calzia<\/strong><\/p>\n<p style=\"text-align: right;\"><em>(Segretariato Attivit\u00e0 Ecumeniche SAE &#8211; Genova)<\/em><\/p>\n<p>&nbsp;<\/p>\n<p><img loading=\"lazy\" decoding=\"async\" class=\"wp-image-819 aligncenter\" src=\"https:\/\/www.chiesadigenova.it\/ecumenismo\/wp-content\/uploads\/sites\/30\/2025\/10\/Condividere-la-Bibbia-nov-dic-2025-232x300.jpg\" alt=\"\" width=\"886\" height=\"1146\" srcset=\"https:\/\/www.chiesadigenova.it\/ecumenismo\/wp-content\/uploads\/sites\/30\/2025\/10\/Condividere-la-Bibbia-nov-dic-2025-232x300.jpg 232w, https:\/\/www.chiesadigenova.it\/ecumenismo\/wp-content\/uploads\/sites\/30\/2025\/10\/Condividere-la-Bibbia-nov-dic-2025-791x1024.jpg 791w, https:\/\/www.chiesadigenova.it\/ecumenismo\/wp-content\/uploads\/sites\/30\/2025\/10\/Condividere-la-Bibbia-nov-dic-2025-768x994.jpg 768w, https:\/\/www.chiesadigenova.it\/ecumenismo\/wp-content\/uploads\/sites\/30\/2025\/10\/Condividere-la-Bibbia-nov-dic-2025-1187x1536.jpg 1187w, https:\/\/www.chiesadigenova.it\/ecumenismo\/wp-content\/uploads\/sites\/30\/2025\/10\/Condividere-la-Bibbia-nov-dic-2025.jpg 1236w\" sizes=\"auto, (max-width: 886px) 100vw, 886px\" \/><\/p>\n","protected":false},"excerpt":{"rendered":"<p>Il 18 novembre 1965 (tra poco saranno 60 anni) veniva promulgata la Costituzione Conciliare \u201cDEI VERBUM\u201d. Con questo documento il Concilio Vaticano II ha affermato la centralit\u00e0 per la vita della Chiesa e per quella di ciascun cristiano della Parola di Dio: Parola ascoltata, studiata, meditata, fatta propria. La Parola di Dio \u00e8 al cuore [&hellip;]<\/p>\n","protected":false},"author":3,"featured_media":820,"comment_status":"open","ping_status":"open","sticky":false,"template":"","format":"standard","meta":{"_acf_changed":false,"footnotes":""},"categories":[3],"tags":[],"class_list":["post-818","post","type-post","status-publish","format-standard","has-post-thumbnail","hentry","category-notizie"],"acf":[],"_links":{"self":[{"href":"https:\/\/www.chiesadigenova.it\/ecumenismo\/wp-json\/wp\/v2\/posts\/818","targetHints":{"allow":["GET"]}}],"collection":[{"href":"https:\/\/www.chiesadigenova.it\/ecumenismo\/wp-json\/wp\/v2\/posts"}],"about":[{"href":"https:\/\/www.chiesadigenova.it\/ecumenismo\/wp-json\/wp\/v2\/types\/post"}],"author":[{"embeddable":true,"href":"https:\/\/www.chiesadigenova.it\/ecumenismo\/wp-json\/wp\/v2\/users\/3"}],"replies":[{"embeddable":true,"href":"https:\/\/www.chiesadigenova.it\/ecumenismo\/wp-json\/wp\/v2\/comments?post=818"}],"version-history":[{"count":1,"href":"https:\/\/www.chiesadigenova.it\/ecumenismo\/wp-json\/wp\/v2\/posts\/818\/revisions"}],"predecessor-version":[{"id":821,"href":"https:\/\/www.chiesadigenova.it\/ecumenismo\/wp-json\/wp\/v2\/posts\/818\/revisions\/821"}],"wp:featuredmedia":[{"embeddable":true,"href":"https:\/\/www.chiesadigenova.it\/ecumenismo\/wp-json\/wp\/v2\/media\/820"}],"wp:attachment":[{"href":"https:\/\/www.chiesadigenova.it\/ecumenismo\/wp-json\/wp\/v2\/media?parent=818"}],"wp:term":[{"taxonomy":"category","embeddable":true,"href":"https:\/\/www.chiesadigenova.it\/ecumenismo\/wp-json\/wp\/v2\/categories?post=818"},{"taxonomy":"post_tag","embeddable":true,"href":"https:\/\/www.chiesadigenova.it\/ecumenismo\/wp-json\/wp\/v2\/tags?post=818"}],"curies":[{"name":"wp","href":"https:\/\/api.w.org\/{rel}","templated":true}]}}