{"id":798,"date":"2025-10-08T14:18:36","date_gmt":"2025-10-08T12:18:36","guid":{"rendered":"https:\/\/www.chiesadigenova.it\/ecumenismo\/?p=798"},"modified":"2025-10-08T14:18:36","modified_gmt":"2025-10-08T12:18:36","slug":"venerdi-3-ottobre-2025-si-e-svolta-a-nervi-la-veglia-diocesana-per-il-creato-le-foto","status":"publish","type":"post","link":"https:\/\/www.chiesadigenova.it\/ecumenismo\/venerdi-3-ottobre-2025-si-e-svolta-a-nervi-la-veglia-diocesana-per-il-creato-le-foto\/","title":{"rendered":"Venerd\u00ec 3 ottobre 2025 si \u00e8 svolta a Nervi la Veglia diocesana per il Creato &#8211; LE FOTO"},"content":{"rendered":"<p style=\"text-align: left;\">Venerd\u00ec 3 ottobre a Nervi si \u00e8 svolta la veglia diocesana per il creato, alla presenza dell\u2019Arcivescovo. Si \u00e8 partiti a piedi dai parchi dell\u2019omonimo quartiere di Genova in direzione della chiesa luterana. Nel tragitto si sono pregati alcuni salmi, cantato insieme grazie alla presenza di un coro composto da persone delle parrocchie del vicariato e ascoltata la Parola di Dio commentata da Padre Tasca. L\u2019orazione si \u00e8 intercalata con tre testimonianze sul tema della cura del creato proposte da Aster, Fondazione CIMA e dall\u2019Associazione Genovamade. Arrivati a destinazione si \u00e8 conclusa la preghiera ascoltando la riflessione della pastora luterana Jutta Sperber. Alla comunit\u00e0 luterana sono stati donati due alberi da parte di Aster al fine di rendere ancora pi\u00f9 bello il giardino che circonda il luogo di culto e per ricordare questa giornata. Il cammino condiviso e la preghiera insieme, nel magnifico contesto dei Parchi di Nervi, hanno aiutato i partecipanti a riconoscersi custodi responsabili del creato e inviati a essere semi di pace e di speranza. \u00c8 da sottolineare che la preparazione dell\u2019evento \u00e8 avvenuta grazie alla collaborazione tra il Vicariato di Nervi; la comunit\u00e0 luterana; l\u2019Ufficio Problemi Sociali, Lavoro e Custodia del Creato; il Tavolo Giustizia Pace e Integrit\u00e0 del Creato e l\u2019Ufficio Ecumenismo e Dialogo Interreligioso.<\/p>\n<p style=\"text-align: right;\"><strong>don Gabriele Bernagozzi<\/strong><br \/>\n<em>Delegato Diocesi di Genova<\/em><br \/>\n<em>per l\u2019Ecumenismo e Dialogo Interreligioso<\/em><\/p>\n<p>&nbsp;<\/p>\n<div id='gallery-1' class='gallery galleryid-798 gallery-columns-4 gallery-size-thumbnail'><figure class='gallery-item'>\n\t\t\t<div class='gallery-icon landscape'>\n\t\t\t\t<a href='https:\/\/www.chiesadigenova.it\/ecumenismo\/wp-content\/uploads\/sites\/30\/2025\/10\/VEGLIA_CREATO-1.jpg' title=\"\" data-rl_title=\"\" class=\"rl-gallery-link\" data-rl_caption=\"\" data-rel=\"lightbox-gallery-1\"><img loading=\"lazy\" decoding=\"async\" width=\"150\" height=\"150\" src=\"https:\/\/www.chiesadigenova.it\/ecumenismo\/wp-content\/uploads\/sites\/30\/2025\/10\/VEGLIA_CREATO-1-150x150.jpg\" class=\"attachment-thumbnail size-thumbnail\" alt=\"\" \/><\/a>\n\t\t\t<\/div><\/figure><figure class='gallery-item'>\n\t\t\t<div class='gallery-icon landscape'>\n\t\t\t\t<a href='https:\/\/www.chiesadigenova.it\/ecumenismo\/wp-content\/uploads\/sites\/30\/2025\/10\/VEGLIA_CREATO-2.jpg' title=\"\" data-rl_title=\"\" class=\"rl-gallery-link\" data-rl_caption=\"\" data-rel=\"lightbox-gallery-1\"><img loading=\"lazy\" decoding=\"async\" width=\"150\" height=\"150\" src=\"https:\/\/www.chiesadigenova.it\/ecumenismo\/wp-content\/uploads\/sites\/30\/2025\/10\/VEGLIA_CREATO-2-150x150.jpg\" class=\"attachment-thumbnail size-thumbnail\" alt=\"\" \/><\/a>\n\t\t\t<\/div><\/figure><figure class='gallery-item'>\n\t\t\t<div class='gallery-icon portrait'>\n\t\t\t\t<a href='https:\/\/www.chiesadigenova.it\/ecumenismo\/wp-content\/uploads\/sites\/30\/2025\/10\/VEGLIA_CREATO-3.jpg' title=\"\" data-rl_title=\"\" class=\"rl-gallery-link\" data-rl_caption=\"\" data-rel=\"lightbox-gallery-1\"><img loading=\"lazy\" decoding=\"async\" width=\"150\" height=\"150\" src=\"https:\/\/www.chiesadigenova.it\/ecumenismo\/wp-content\/uploads\/sites\/30\/2025\/10\/VEGLIA_CREATO-3-150x150.jpg\" class=\"attachment-thumbnail size-thumbnail\" alt=\"\" \/><\/a>\n\t\t\t<\/div><\/figure><figure class='gallery-item'>\n\t\t\t<div class='gallery-icon portrait'>\n\t\t\t\t<a href='https:\/\/www.chiesadigenova.it\/ecumenismo\/wp-content\/uploads\/sites\/30\/2025\/10\/VEGLIA_CREATO-4.jpg' title=\"\" data-rl_title=\"\" class=\"rl-gallery-link\" data-rl_caption=\"\" data-rel=\"lightbox-gallery-1\"><img loading=\"lazy\" decoding=\"async\" width=\"150\" height=\"150\" src=\"https:\/\/www.chiesadigenova.it\/ecumenismo\/wp-content\/uploads\/sites\/30\/2025\/10\/VEGLIA_CREATO-4-150x150.jpg\" class=\"attachment-thumbnail size-thumbnail\" alt=\"\" \/><\/a>\n\t\t\t<\/div><\/figure><figure class='gallery-item'>\n\t\t\t<div class='gallery-icon portrait'>\n\t\t\t\t<a href='https:\/\/www.chiesadigenova.it\/ecumenismo\/wp-content\/uploads\/sites\/30\/2025\/10\/VEGLIA_CREATO-5.jpg' title=\"\" data-rl_title=\"\" class=\"rl-gallery-link\" data-rl_caption=\"\" data-rel=\"lightbox-gallery-1\"><img loading=\"lazy\" decoding=\"async\" width=\"150\" height=\"150\" src=\"https:\/\/www.chiesadigenova.it\/ecumenismo\/wp-content\/uploads\/sites\/30\/2025\/10\/VEGLIA_CREATO-5-150x150.jpg\" class=\"attachment-thumbnail size-thumbnail\" alt=\"\" \/><\/a>\n\t\t\t<\/div><\/figure><figure class='gallery-item'>\n\t\t\t<div class='gallery-icon landscape'>\n\t\t\t\t<a href='https:\/\/www.chiesadigenova.it\/ecumenismo\/wp-content\/uploads\/sites\/30\/2025\/10\/VEGLIA_CREATO-6.jpg' title=\"\" data-rl_title=\"\" class=\"rl-gallery-link\" data-rl_caption=\"\" data-rel=\"lightbox-gallery-1\"><img loading=\"lazy\" decoding=\"async\" width=\"150\" height=\"150\" src=\"https:\/\/www.chiesadigenova.it\/ecumenismo\/wp-content\/uploads\/sites\/30\/2025\/10\/VEGLIA_CREATO-6-150x150.jpg\" class=\"attachment-thumbnail size-thumbnail\" alt=\"\" \/><\/a>\n\t\t\t<\/div><\/figure><figure class='gallery-item'>\n\t\t\t<div class='gallery-icon landscape'>\n\t\t\t\t<a href='https:\/\/www.chiesadigenova.it\/ecumenismo\/wp-content\/uploads\/sites\/30\/2025\/10\/VEGLIA_CREATO-7.jpg' title=\"\" data-rl_title=\"\" class=\"rl-gallery-link\" data-rl_caption=\"\" data-rel=\"lightbox-gallery-1\"><img loading=\"lazy\" decoding=\"async\" width=\"150\" height=\"150\" src=\"https:\/\/www.chiesadigenova.it\/ecumenismo\/wp-content\/uploads\/sites\/30\/2025\/10\/VEGLIA_CREATO-7-150x150.jpg\" class=\"attachment-thumbnail size-thumbnail\" alt=\"\" \/><\/a>\n\t\t\t<\/div><\/figure><figure class='gallery-item'>\n\t\t\t<div class='gallery-icon portrait'>\n\t\t\t\t<a href='https:\/\/www.chiesadigenova.it\/ecumenismo\/wp-content\/uploads\/sites\/30\/2025\/10\/VEGLIA_CREATO-8.jpg' title=\"\" data-rl_title=\"\" class=\"rl-gallery-link\" data-rl_caption=\"\" data-rel=\"lightbox-gallery-1\"><img loading=\"lazy\" decoding=\"async\" width=\"150\" height=\"150\" src=\"https:\/\/www.chiesadigenova.it\/ecumenismo\/wp-content\/uploads\/sites\/30\/2025\/10\/VEGLIA_CREATO-8-150x150.jpg\" class=\"attachment-thumbnail size-thumbnail\" alt=\"\" \/><\/a>\n\t\t\t<\/div><\/figure><figure class='gallery-item'>\n\t\t\t<div class='gallery-icon portrait'>\n\t\t\t\t<a href='https:\/\/www.chiesadigenova.it\/ecumenismo\/wp-content\/uploads\/sites\/30\/2025\/10\/VEGLIA_CREATO-9.jpg' title=\"\" data-rl_title=\"\" class=\"rl-gallery-link\" data-rl_caption=\"\" data-rel=\"lightbox-gallery-1\"><img loading=\"lazy\" decoding=\"async\" width=\"150\" height=\"150\" src=\"https:\/\/www.chiesadigenova.it\/ecumenismo\/wp-content\/uploads\/sites\/30\/2025\/10\/VEGLIA_CREATO-9-150x150.jpg\" class=\"attachment-thumbnail size-thumbnail\" alt=\"\" \/><\/a>\n\t\t\t<\/div><\/figure><figure class='gallery-item'>\n\t\t\t<div class='gallery-icon portrait'>\n\t\t\t\t<a href='https:\/\/www.chiesadigenova.it\/ecumenismo\/wp-content\/uploads\/sites\/30\/2025\/10\/VEGLIA_CREATO-10.jpg' title=\"\" data-rl_title=\"\" class=\"rl-gallery-link\" data-rl_caption=\"\" data-rel=\"lightbox-gallery-1\"><img loading=\"lazy\" decoding=\"async\" width=\"150\" height=\"150\" src=\"https:\/\/www.chiesadigenova.it\/ecumenismo\/wp-content\/uploads\/sites\/30\/2025\/10\/VEGLIA_CREATO-10-150x150.jpg\" class=\"attachment-thumbnail size-thumbnail\" alt=\"\" \/><\/a>\n\t\t\t<\/div><\/figure><figure class='gallery-item'>\n\t\t\t<div class='gallery-icon portrait'>\n\t\t\t\t<a href='https:\/\/www.chiesadigenova.it\/ecumenismo\/wp-content\/uploads\/sites\/30\/2025\/10\/VEGLIA_CREATO-11.jpg' title=\"\" data-rl_title=\"\" class=\"rl-gallery-link\" data-rl_caption=\"\" data-rel=\"lightbox-gallery-1\"><img loading=\"lazy\" decoding=\"async\" width=\"150\" height=\"150\" src=\"https:\/\/www.chiesadigenova.it\/ecumenismo\/wp-content\/uploads\/sites\/30\/2025\/10\/VEGLIA_CREATO-11-150x150.jpg\" class=\"attachment-thumbnail size-thumbnail\" alt=\"\" \/><\/a>\n\t\t\t<\/div><\/figure><figure class='gallery-item'>\n\t\t\t<div class='gallery-icon portrait'>\n\t\t\t\t<a href='https:\/\/www.chiesadigenova.it\/ecumenismo\/wp-content\/uploads\/sites\/30\/2025\/10\/VEGLIA_CREATO-12.jpg' title=\"\" data-rl_title=\"\" class=\"rl-gallery-link\" data-rl_caption=\"\" data-rel=\"lightbox-gallery-1\"><img loading=\"lazy\" decoding=\"async\" width=\"150\" height=\"150\" src=\"https:\/\/www.chiesadigenova.it\/ecumenismo\/wp-content\/uploads\/sites\/30\/2025\/10\/VEGLIA_CREATO-12-150x150.jpg\" class=\"attachment-thumbnail size-thumbnail\" alt=\"\" \/><\/a>\n\t\t\t<\/div><\/figure><figure class='gallery-item'>\n\t\t\t<div class='gallery-icon landscape'>\n\t\t\t\t<a href='https:\/\/www.chiesadigenova.it\/ecumenismo\/wp-content\/uploads\/sites\/30\/2025\/10\/VEGLIA_CREATO-13.jpg' title=\"\" data-rl_title=\"\" class=\"rl-gallery-link\" data-rl_caption=\"\" data-rel=\"lightbox-gallery-1\"><img loading=\"lazy\" decoding=\"async\" width=\"150\" height=\"150\" src=\"https:\/\/www.chiesadigenova.it\/ecumenismo\/wp-content\/uploads\/sites\/30\/2025\/10\/VEGLIA_CREATO-13-150x150.jpg\" class=\"attachment-thumbnail size-thumbnail\" alt=\"\" \/><\/a>\n\t\t\t<\/div><\/figure><figure class='gallery-item'>\n\t\t\t<div class='gallery-icon landscape'>\n\t\t\t\t<a href='https:\/\/www.chiesadigenova.it\/ecumenismo\/wp-content\/uploads\/sites\/30\/2025\/10\/VEGLIA_CREATO-14.jpg' title=\"\" data-rl_title=\"\" class=\"rl-gallery-link\" data-rl_caption=\"\" data-rel=\"lightbox-gallery-1\"><img loading=\"lazy\" decoding=\"async\" width=\"150\" height=\"150\" src=\"https:\/\/www.chiesadigenova.it\/ecumenismo\/wp-content\/uploads\/sites\/30\/2025\/10\/VEGLIA_CREATO-14-150x150.jpg\" class=\"attachment-thumbnail size-thumbnail\" alt=\"\" \/><\/a>\n\t\t\t<\/div><\/figure><figure class='gallery-item'>\n\t\t\t<div class='gallery-icon landscape'>\n\t\t\t\t<a href='https:\/\/www.chiesadigenova.it\/ecumenismo\/wp-content\/uploads\/sites\/30\/2025\/10\/VEGLIA_CREATO-15.jpg' title=\"\" data-rl_title=\"\" class=\"rl-gallery-link\" data-rl_caption=\"\" data-rel=\"lightbox-gallery-1\"><img loading=\"lazy\" decoding=\"async\" width=\"150\" height=\"150\" src=\"https:\/\/www.chiesadigenova.it\/ecumenismo\/wp-content\/uploads\/sites\/30\/2025\/10\/VEGLIA_CREATO-15-150x150.jpg\" class=\"attachment-thumbnail size-thumbnail\" alt=\"\" \/><\/a>\n\t\t\t<\/div><\/figure><figure class='gallery-item'>\n\t\t\t<div class='gallery-icon portrait'>\n\t\t\t\t<a href='https:\/\/www.chiesadigenova.it\/ecumenismo\/wp-content\/uploads\/sites\/30\/2025\/10\/VEGLIA_CREATO-16.jpg' title=\"\" data-rl_title=\"\" class=\"rl-gallery-link\" data-rl_caption=\"\" data-rel=\"lightbox-gallery-1\"><img loading=\"lazy\" decoding=\"async\" width=\"150\" height=\"150\" src=\"https:\/\/www.chiesadigenova.it\/ecumenismo\/wp-content\/uploads\/sites\/30\/2025\/10\/VEGLIA_CREATO-16-150x150.jpg\" class=\"attachment-thumbnail size-thumbnail\" alt=\"\" \/><\/a>\n\t\t\t<\/div><\/figure><figure class='gallery-item'>\n\t\t\t<div class='gallery-icon portrait'>\n\t\t\t\t<a href='https:\/\/www.chiesadigenova.it\/ecumenismo\/wp-content\/uploads\/sites\/30\/2025\/10\/VEGLIA_CREATO-17.jpg' title=\"\" data-rl_title=\"\" class=\"rl-gallery-link\" data-rl_caption=\"\" data-rel=\"lightbox-gallery-1\"><img loading=\"lazy\" decoding=\"async\" width=\"150\" height=\"150\" src=\"https:\/\/www.chiesadigenova.it\/ecumenismo\/wp-content\/uploads\/sites\/30\/2025\/10\/VEGLIA_CREATO-17-150x150.jpg\" class=\"attachment-thumbnail size-thumbnail\" alt=\"\" \/><\/a>\n\t\t\t<\/div><\/figure><figure class='gallery-item'>\n\t\t\t<div class='gallery-icon portrait'>\n\t\t\t\t<a href='https:\/\/www.chiesadigenova.it\/ecumenismo\/wp-content\/uploads\/sites\/30\/2025\/10\/VEGLIA_CREATO-18.jpg' title=\"\" data-rl_title=\"\" class=\"rl-gallery-link\" data-rl_caption=\"\" data-rel=\"lightbox-gallery-1\"><img loading=\"lazy\" decoding=\"async\" width=\"150\" height=\"150\" src=\"https:\/\/www.chiesadigenova.it\/ecumenismo\/wp-content\/uploads\/sites\/30\/2025\/10\/VEGLIA_CREATO-18-150x150.jpg\" class=\"attachment-thumbnail size-thumbnail\" alt=\"\" \/><\/a>\n\t\t\t<\/div><\/figure>\n\t\t<\/div>\n\n","protected":false},"excerpt":{"rendered":"<p>Venerd\u00ec 3 ottobre a Nervi si \u00e8 svolta la veglia diocesana per il creato, alla presenza dell\u2019Arcivescovo. Si \u00e8 partiti a piedi dai parchi dell\u2019omonimo quartiere di Genova in direzione della chiesa luterana. Nel tragitto si sono pregati alcuni salmi, cantato insieme grazie alla presenza di un coro composto da persone delle parrocchie del vicariato [&hellip;]<\/p>\n","protected":false},"author":3,"featured_media":807,"comment_status":"open","ping_status":"open","sticky":false,"template":"","format":"standard","meta":{"_acf_changed":false,"footnotes":""},"categories":[3],"tags":[],"class_list":["post-798","post","type-post","status-publish","format-standard","has-post-thumbnail","hentry","category-notizie"],"acf":[],"_links":{"self":[{"href":"https:\/\/www.chiesadigenova.it\/ecumenismo\/wp-json\/wp\/v2\/posts\/798","targetHints":{"allow":["GET"]}}],"collection":[{"href":"https:\/\/www.chiesadigenova.it\/ecumenismo\/wp-json\/wp\/v2\/posts"}],"about":[{"href":"https:\/\/www.chiesadigenova.it\/ecumenismo\/wp-json\/wp\/v2\/types\/post"}],"author":[{"embeddable":true,"href":"https:\/\/www.chiesadigenova.it\/ecumenismo\/wp-json\/wp\/v2\/users\/3"}],"replies":[{"embeddable":true,"href":"https:\/\/www.chiesadigenova.it\/ecumenismo\/wp-json\/wp\/v2\/comments?post=798"}],"version-history":[{"count":1,"href":"https:\/\/www.chiesadigenova.it\/ecumenismo\/wp-json\/wp\/v2\/posts\/798\/revisions"}],"predecessor-version":[{"id":817,"href":"https:\/\/www.chiesadigenova.it\/ecumenismo\/wp-json\/wp\/v2\/posts\/798\/revisions\/817"}],"wp:featuredmedia":[{"embeddable":true,"href":"https:\/\/www.chiesadigenova.it\/ecumenismo\/wp-json\/wp\/v2\/media\/807"}],"wp:attachment":[{"href":"https:\/\/www.chiesadigenova.it\/ecumenismo\/wp-json\/wp\/v2\/media?parent=798"}],"wp:term":[{"taxonomy":"category","embeddable":true,"href":"https:\/\/www.chiesadigenova.it\/ecumenismo\/wp-json\/wp\/v2\/categories?post=798"},{"taxonomy":"post_tag","embeddable":true,"href":"https:\/\/www.chiesadigenova.it\/ecumenismo\/wp-json\/wp\/v2\/tags?post=798"}],"curies":[{"name":"wp","href":"https:\/\/api.w.org\/{rel}","templated":true}]}}