{"id":780,"date":"2025-06-11T15:54:50","date_gmt":"2025-06-11T13:54:50","guid":{"rendered":"https:\/\/www.chiesadigenova.it\/ecumenismo\/?p=780"},"modified":"2025-06-11T15:54:50","modified_gmt":"2025-06-11T13:54:50","slug":"al-monastero-delle-clarisse-cappuccine-la-celebrazione-ecumenica-occasione-di-fraternita","status":"publish","type":"post","link":"https:\/\/www.chiesadigenova.it\/ecumenismo\/al-monastero-delle-clarisse-cappuccine-la-celebrazione-ecumenica-occasione-di-fraternita\/","title":{"rendered":"Al Monastero delle Clarisse Cappuccine la celebrazione ecumenica: occasione di fraternit\u00e0"},"content":{"rendered":"<p>Nella serata di marted\u00ec 10 giugno ci siamo lasciati alle spalle il frastuono della citt\u00e0 e per un momento ci siamo goduti dall\u2019alto della collina la bellezza di Genova e del suo mare. Poi l\u2019ingresso nel monastero delle Clarisse Cappuccine di via Chiodo, dove \u00e8 prevista la Celebrazione ecumenica, che ormai da qualche anno \u00e8 una tradizione attesa e desiderata.<br \/>\nTutte le panche della bella cappella sono occupate. Si respira pace. La celebrazione \u00e8 stata preparata con grandissima cura e musica, canti e preghiere si alzano lievi e solenni fino al cielo: sono presenti cattolici, valdesi, luterani, ma l\u00ec siamo solo fratelli che pregano l\u2019unico Padre e invocano lo Spirito, uniti nel nome di Ges\u00f9. Don Gabriele Bernagozzi, incaricato per l\u2019ecumenismo e il dialogo interreligioso della nostra Diocesi, apre e guida la preghiera. Ci alterniamo al microfono per i vari momenti della liturgia, inframmezzati dai bellissimi canti che le monache ci regalano. Sono i pastori valdesi William e Ulrike Jourdan che fanno il commento al Vangelo, alternandosi. Al termine della funzione, una giovane monaca commenta: \u201cChe bella idea, l\u2019omelia a due voci con timbri diversi perch\u00e9 sono di un uomo e di una donna, ma complementari\u201d.<br \/>\nAl momento dello scambio della pace, spontaneamente tanti lasciano il loro posto per un abbraccio, un sorriso, una stretta di mano: \u00e8 un bisogno del cuore. Con La benedizione, impartita dalla pastora luterana Jutta Sperber la celebrazione si conclude, ma non si lascia il monastero: come ogni anno le monache ci aspettano nel vicino salone per offrirci torta, t\u00e9, acqua, ma soprattutto la gioia di stare insieme, di conoscerci, di fare domande e ricevere risposte, come si fa in famiglia.<br \/>\nDue ragazze che partecipano per la prima volta (una ha accompagnato il suo pap\u00e0), conquistate, penso, da quel clima, chiedono se \u00e8 possibile partecipare ad altri incontri del genere e lasciano i loro riferimenti per poter essere invitate.<br \/>\n\u00c8 l\u2019ora di andare e lasciamo il monastero grati a Dio e ai fratelli per l\u2019amore dato e ricevuto e per queste due ore di fraternit\u00e0 e di pace: davvero le Cappuccine sono pietre vive della citt\u00e0.<\/p>\n<p style=\"text-align: right;\">\n<strong>Tiziana Brunengo<\/strong><\/p>\n","protected":false},"excerpt":{"rendered":"<p>Nella serata di marted\u00ec 10 giugno ci siamo lasciati alle spalle il frastuono della citt\u00e0 e per un momento ci siamo goduti dall\u2019alto della collina la bellezza di Genova e del suo mare. Poi l\u2019ingresso nel monastero delle Clarisse Cappuccine di via Chiodo, dove \u00e8 prevista la Celebrazione ecumenica, che ormai da qualche anno \u00e8 [&hellip;]<\/p>\n","protected":false},"author":3,"featured_media":781,"comment_status":"open","ping_status":"open","sticky":false,"template":"","format":"standard","meta":{"_acf_changed":false,"footnotes":""},"categories":[3],"tags":[],"class_list":["post-780","post","type-post","status-publish","format-standard","has-post-thumbnail","hentry","category-notizie"],"acf":[],"_links":{"self":[{"href":"https:\/\/www.chiesadigenova.it\/ecumenismo\/wp-json\/wp\/v2\/posts\/780","targetHints":{"allow":["GET"]}}],"collection":[{"href":"https:\/\/www.chiesadigenova.it\/ecumenismo\/wp-json\/wp\/v2\/posts"}],"about":[{"href":"https:\/\/www.chiesadigenova.it\/ecumenismo\/wp-json\/wp\/v2\/types\/post"}],"author":[{"embeddable":true,"href":"https:\/\/www.chiesadigenova.it\/ecumenismo\/wp-json\/wp\/v2\/users\/3"}],"replies":[{"embeddable":true,"href":"https:\/\/www.chiesadigenova.it\/ecumenismo\/wp-json\/wp\/v2\/comments?post=780"}],"version-history":[{"count":1,"href":"https:\/\/www.chiesadigenova.it\/ecumenismo\/wp-json\/wp\/v2\/posts\/780\/revisions"}],"predecessor-version":[{"id":782,"href":"https:\/\/www.chiesadigenova.it\/ecumenismo\/wp-json\/wp\/v2\/posts\/780\/revisions\/782"}],"wp:featuredmedia":[{"embeddable":true,"href":"https:\/\/www.chiesadigenova.it\/ecumenismo\/wp-json\/wp\/v2\/media\/781"}],"wp:attachment":[{"href":"https:\/\/www.chiesadigenova.it\/ecumenismo\/wp-json\/wp\/v2\/media?parent=780"}],"wp:term":[{"taxonomy":"category","embeddable":true,"href":"https:\/\/www.chiesadigenova.it\/ecumenismo\/wp-json\/wp\/v2\/categories?post=780"},{"taxonomy":"post_tag","embeddable":true,"href":"https:\/\/www.chiesadigenova.it\/ecumenismo\/wp-json\/wp\/v2\/tags?post=780"}],"curies":[{"name":"wp","href":"https:\/\/api.w.org\/{rel}","templated":true}]}}