{"id":724,"date":"2025-01-29T12:27:59","date_gmt":"2025-01-29T11:27:59","guid":{"rendered":"https:\/\/www.chiesadigenova.it\/ecumenismo\/?p=724"},"modified":"2025-01-29T12:27:59","modified_gmt":"2025-01-29T11:27:59","slug":"con-la-veglia-ecumenica-in-cattedrale-di-venerdi-24-gennaio-2025-conclusa-la-settimana-di-preghiera-per-lunita-dei-cristiani","status":"publish","type":"post","link":"https:\/\/www.chiesadigenova.it\/ecumenismo\/con-la-veglia-ecumenica-in-cattedrale-di-venerdi-24-gennaio-2025-conclusa-la-settimana-di-preghiera-per-lunita-dei-cristiani\/","title":{"rendered":"Con la Veglia ecumenica in Cattedrale di venerd\u00ec 24 gennaio 2025 conclusa la Settimana di preghiera per l&#8217;unit\u00e0 dei cristiani"},"content":{"rendered":"<p>A conclusione della Settimana di Preghiera per l&#8217;Unit\u00e0 dei Cristiani (SPUC) si \u00e8 tenuta venerd\u00ec 24 gennaio nella Cattedrale di San Lorenzo la consueta Veglia Ecumenica. Al centro il brano della risurrezione di Lazzaro secondo Giovanni declinato in tre modi differenti: in un&#8217;icona spiegata da Padre Filip Sorin della Chiesa Ortodossa Rumena di Genova, in una spiegazione a due fatta dai pastori Ulrike e William Jourdan e con una testimonianza da parte del Dott. Luca Manfredini primario dell&#8217;Hospice dell&#8217;Ospedale Gaslini. La fede nella risurrezione, e quindi nella sconfitta della morte e del peccato da parte di Cristo, \u00e8 uno dei punti che accomuna tutti i cristiani. La professiamo unanimemente come verit\u00e0 di fede nel Credo Niceno-Costantinopolitano ed \u00e8 fondamento di tutto ci\u00f2 in cui crediamo.<\/p>\n<p>Diversamente, come ricorda San Paolo, la nostra fede sarebbe vana (Cfr. 1Cor 15,17). Avere come prospettiva finale la resurrezione significa rivalutare cristianamente tutta la nostra vita e avere la possibilit\u00e0 di rispondere con serena fiducia alle domande di senso che ogni essere umano si pone: Da dove vengo? Che senso ha la mia vita? Dove vado?. La speranza cristiana davvero non delude e ci aiuta a comprendere a pieno il valore del nostro corpo e di tutti i gesti che compiamo. La preghiera \u00e8 stata aiutata grandemente dall&#8217;accompagnamento dei cori &#8220;Associazione G.B. Chiossone&#8221; e &#8220;Associazione Voltrimusica&#8221; insieme a un segno, ormai abituale, preparato dalle Suore Clarisse Cappuccine e consegnato ai presenti. Questa volta si tratta di un cuore di carta rappresentante il Simbolo redatto a Nicea, &#8220;cuore della nostra fede&#8221;, che quest&#8217;anno &#8220;compie&#8221; 1700 anni.<\/p>\n<p>Passata la SPUC 2025 non finiscono nella nostra Diocesi le attivit\u00e0 e le iniziative a carattere &#8220;ecumenico&#8221;. Alcuni esempi: continua la lettura comune della Scrittura, ci si ritrover\u00e0 insieme per la giornata ecumenica dei bambini a marzo e in primavera pregheremo con le Suore Clarisse Cappuccine nel loro convento di Via Chiodo secondo il desiderio di Ges\u00f9 &#8220;Ut unum sint&#8221; (Gv 17,21).<\/p>\n<p>&nbsp;<\/p>\n<p style=\"text-align: right;\"><strong>don Gabriele Bernagozzi<\/strong><\/p>\n<p style=\"text-align: right;\"><em>Delegato Diocesi di Genova<\/em><br \/>\n<em>per l\u2019Ecumenismo e Dialogo Interreligioso<\/em><\/p>\n<p>&nbsp;<\/p>\n<div id='gallery-1' class='gallery galleryid-724 gallery-columns-4 gallery-size-thumbnail'><figure class='gallery-item'>\n\t\t\t<div class='gallery-icon landscape'>\n\t\t\t\t<a href='https:\/\/www.chiesadigenova.it\/ecumenismo\/wp-content\/uploads\/sites\/30\/2025\/01\/Veglia-Ecumenica-SPUC-2025_3.8-scaled.jpg' title=\"\" data-rl_title=\"\" class=\"rl-gallery-link\" data-rl_caption=\"\" data-rel=\"lightbox-gallery-1\"><img loading=\"lazy\" decoding=\"async\" width=\"150\" height=\"150\" src=\"https:\/\/www.chiesadigenova.it\/ecumenismo\/wp-content\/uploads\/sites\/30\/2025\/01\/Veglia-Ecumenica-SPUC-2025_3.8-150x150.jpg\" class=\"attachment-thumbnail size-thumbnail\" alt=\"\" aria-describedby=\"gallery-1-726\" \/><\/a>\n\t\t\t<\/div>\n\t\t\t\t<figcaption class='wp-caption-text gallery-caption' id='gallery-1-726'>\n\t\t\t\tVeglia Ecumenica 2025\n\t\t\t\t<\/figcaption><\/figure><figure class='gallery-item'>\n\t\t\t<div class='gallery-icon landscape'>\n\t\t\t\t<a href='https:\/\/www.chiesadigenova.it\/ecumenismo\/wp-content\/uploads\/sites\/30\/2025\/01\/Veglia-Ecumenica-SPUC-2025_3.9-scaled.jpg' title=\"\" data-rl_title=\"\" class=\"rl-gallery-link\" data-rl_caption=\"\" data-rel=\"lightbox-gallery-1\"><img loading=\"lazy\" decoding=\"async\" width=\"150\" height=\"150\" src=\"https:\/\/www.chiesadigenova.it\/ecumenismo\/wp-content\/uploads\/sites\/30\/2025\/01\/Veglia-Ecumenica-SPUC-2025_3.9-150x150.jpg\" class=\"attachment-thumbnail size-thumbnail\" alt=\"\" aria-describedby=\"gallery-1-727\" \/><\/a>\n\t\t\t<\/div>\n\t\t\t\t<figcaption class='wp-caption-text gallery-caption' id='gallery-1-727'>\n\t\t\t\tVeglia Ecumenica 2025\n\t\t\t\t<\/figcaption><\/figure><figure class='gallery-item'>\n\t\t\t<div class='gallery-icon portrait'>\n\t\t\t\t<a href='https:\/\/www.chiesadigenova.it\/ecumenismo\/wp-content\/uploads\/sites\/30\/2025\/01\/Veglia-Ecumenica-SPUC-2025_3.10-scaled.jpg' title=\"\" data-rl_title=\"\" class=\"rl-gallery-link\" data-rl_caption=\"\" data-rel=\"lightbox-gallery-1\"><img loading=\"lazy\" decoding=\"async\" width=\"150\" height=\"150\" src=\"https:\/\/www.chiesadigenova.it\/ecumenismo\/wp-content\/uploads\/sites\/30\/2025\/01\/Veglia-Ecumenica-SPUC-2025_3.10-150x150.jpg\" class=\"attachment-thumbnail size-thumbnail\" alt=\"\" aria-describedby=\"gallery-1-728\" \/><\/a>\n\t\t\t<\/div>\n\t\t\t\t<figcaption class='wp-caption-text gallery-caption' id='gallery-1-728'>\n\t\t\t\tVeglia Ecumenica 2025\n\t\t\t\t<\/figcaption><\/figure><figure class='gallery-item'>\n\t\t\t<div class='gallery-icon landscape'>\n\t\t\t\t<a href='https:\/\/www.chiesadigenova.it\/ecumenismo\/wp-content\/uploads\/sites\/30\/2025\/01\/Veglia-Ecumenica-SPUC-2025_3.11-scaled.jpg' title=\"\" data-rl_title=\"\" class=\"rl-gallery-link\" data-rl_caption=\"\" data-rel=\"lightbox-gallery-1\"><img loading=\"lazy\" decoding=\"async\" width=\"150\" height=\"150\" src=\"https:\/\/www.chiesadigenova.it\/ecumenismo\/wp-content\/uploads\/sites\/30\/2025\/01\/Veglia-Ecumenica-SPUC-2025_3.11-150x150.jpg\" class=\"attachment-thumbnail size-thumbnail\" alt=\"\" aria-describedby=\"gallery-1-729\" \/><\/a>\n\t\t\t<\/div>\n\t\t\t\t<figcaption class='wp-caption-text gallery-caption' id='gallery-1-729'>\n\t\t\t\tVeglia Ecumenica 2025\n\t\t\t\t<\/figcaption><\/figure><figure class='gallery-item'>\n\t\t\t<div class='gallery-icon landscape'>\n\t\t\t\t<a href='https:\/\/www.chiesadigenova.it\/ecumenismo\/wp-content\/uploads\/sites\/30\/2025\/01\/Veglia-Ecumenica-SPUC-2025_3.12-1-scaled.jpg' title=\"\" data-rl_title=\"\" class=\"rl-gallery-link\" data-rl_caption=\"\" data-rel=\"lightbox-gallery-1\"><img loading=\"lazy\" decoding=\"async\" width=\"150\" height=\"150\" src=\"https:\/\/www.chiesadigenova.it\/ecumenismo\/wp-content\/uploads\/sites\/30\/2025\/01\/Veglia-Ecumenica-SPUC-2025_3.12-1-150x150.jpg\" class=\"attachment-thumbnail size-thumbnail\" alt=\"\" aria-describedby=\"gallery-1-730\" \/><\/a>\n\t\t\t<\/div>\n\t\t\t\t<figcaption class='wp-caption-text gallery-caption' id='gallery-1-730'>\n\t\t\t\tVeglia Ecumenica 2025\n\t\t\t\t<\/figcaption><\/figure><figure class='gallery-item'>\n\t\t\t<div class='gallery-icon portrait'>\n\t\t\t\t<a href='https:\/\/www.chiesadigenova.it\/ecumenismo\/wp-content\/uploads\/sites\/30\/2025\/01\/Veglia-Ecumenica-SPUC-2025_3.13-scaled.jpg' title=\"\" data-rl_title=\"\" class=\"rl-gallery-link\" data-rl_caption=\"\" data-rel=\"lightbox-gallery-1\"><img loading=\"lazy\" decoding=\"async\" width=\"150\" height=\"150\" src=\"https:\/\/www.chiesadigenova.it\/ecumenismo\/wp-content\/uploads\/sites\/30\/2025\/01\/Veglia-Ecumenica-SPUC-2025_3.13-150x150.jpg\" class=\"attachment-thumbnail size-thumbnail\" alt=\"\" aria-describedby=\"gallery-1-731\" \/><\/a>\n\t\t\t<\/div>\n\t\t\t\t<figcaption class='wp-caption-text gallery-caption' id='gallery-1-731'>\n\t\t\t\tVeglia Ecumenica 2025\n\t\t\t\t<\/figcaption><\/figure><figure class='gallery-item'>\n\t\t\t<div class='gallery-icon landscape'>\n\t\t\t\t<a href='https:\/\/www.chiesadigenova.it\/ecumenismo\/wp-content\/uploads\/sites\/30\/2025\/01\/Veglia-Ecumenica-SPUC-2025_3.1-scaled.jpg' title=\"\" data-rl_title=\"\" class=\"rl-gallery-link\" data-rl_caption=\"\" data-rel=\"lightbox-gallery-1\"><img loading=\"lazy\" decoding=\"async\" width=\"150\" height=\"150\" src=\"https:\/\/www.chiesadigenova.it\/ecumenismo\/wp-content\/uploads\/sites\/30\/2025\/01\/Veglia-Ecumenica-SPUC-2025_3.1-150x150.jpg\" class=\"attachment-thumbnail size-thumbnail\" alt=\"\" aria-describedby=\"gallery-1-732\" \/><\/a>\n\t\t\t<\/div>\n\t\t\t\t<figcaption class='wp-caption-text gallery-caption' id='gallery-1-732'>\n\t\t\t\tVeglia Ecumenica 2025\n\t\t\t\t<\/figcaption><\/figure><figure class='gallery-item'>\n\t\t\t<div class='gallery-icon landscape'>\n\t\t\t\t<a href='https:\/\/www.chiesadigenova.it\/ecumenismo\/wp-content\/uploads\/sites\/30\/2025\/01\/Veglia-Ecumenica-SPUC-2025_3.2-scaled.jpg' title=\"\" data-rl_title=\"\" class=\"rl-gallery-link\" data-rl_caption=\"\" data-rel=\"lightbox-gallery-1\"><img loading=\"lazy\" decoding=\"async\" width=\"150\" height=\"150\" src=\"https:\/\/www.chiesadigenova.it\/ecumenismo\/wp-content\/uploads\/sites\/30\/2025\/01\/Veglia-Ecumenica-SPUC-2025_3.2-150x150.jpg\" class=\"attachment-thumbnail size-thumbnail\" alt=\"\" aria-describedby=\"gallery-1-733\" \/><\/a>\n\t\t\t<\/div>\n\t\t\t\t<figcaption class='wp-caption-text gallery-caption' id='gallery-1-733'>\n\t\t\t\tVeglia Ecumenica 2025\n\t\t\t\t<\/figcaption><\/figure><figure class='gallery-item'>\n\t\t\t<div class='gallery-icon landscape'>\n\t\t\t\t<a href='https:\/\/www.chiesadigenova.it\/ecumenismo\/wp-content\/uploads\/sites\/30\/2025\/01\/Veglia-Ecumenica-SPUC-2025_3.3-scaled.jpg' title=\"\" data-rl_title=\"\" class=\"rl-gallery-link\" data-rl_caption=\"\" data-rel=\"lightbox-gallery-1\"><img loading=\"lazy\" decoding=\"async\" width=\"150\" height=\"150\" src=\"https:\/\/www.chiesadigenova.it\/ecumenismo\/wp-content\/uploads\/sites\/30\/2025\/01\/Veglia-Ecumenica-SPUC-2025_3.3-150x150.jpg\" class=\"attachment-thumbnail size-thumbnail\" alt=\"\" aria-describedby=\"gallery-1-734\" \/><\/a>\n\t\t\t<\/div>\n\t\t\t\t<figcaption class='wp-caption-text gallery-caption' id='gallery-1-734'>\n\t\t\t\tVeglia Ecumenica 2025\n\t\t\t\t<\/figcaption><\/figure><figure class='gallery-item'>\n\t\t\t<div class='gallery-icon landscape'>\n\t\t\t\t<a href='https:\/\/www.chiesadigenova.it\/ecumenismo\/wp-content\/uploads\/sites\/30\/2025\/01\/Veglia-Ecumenica-SPUC-2025_3.4-scaled.jpg' title=\"\" data-rl_title=\"\" class=\"rl-gallery-link\" data-rl_caption=\"\" data-rel=\"lightbox-gallery-1\"><img loading=\"lazy\" decoding=\"async\" width=\"150\" height=\"150\" src=\"https:\/\/www.chiesadigenova.it\/ecumenismo\/wp-content\/uploads\/sites\/30\/2025\/01\/Veglia-Ecumenica-SPUC-2025_3.4-150x150.jpg\" class=\"attachment-thumbnail size-thumbnail\" alt=\"\" aria-describedby=\"gallery-1-735\" \/><\/a>\n\t\t\t<\/div>\n\t\t\t\t<figcaption class='wp-caption-text gallery-caption' id='gallery-1-735'>\n\t\t\t\tVeglia Ecumenica 2025\n\t\t\t\t<\/figcaption><\/figure><figure class='gallery-item'>\n\t\t\t<div class='gallery-icon landscape'>\n\t\t\t\t<a href='https:\/\/www.chiesadigenova.it\/ecumenismo\/wp-content\/uploads\/sites\/30\/2025\/01\/Veglia-Ecumenica-SPUC-2025_3.5-scaled.jpg' title=\"\" data-rl_title=\"\" class=\"rl-gallery-link\" data-rl_caption=\"\" data-rel=\"lightbox-gallery-1\"><img loading=\"lazy\" decoding=\"async\" width=\"150\" height=\"150\" src=\"https:\/\/www.chiesadigenova.it\/ecumenismo\/wp-content\/uploads\/sites\/30\/2025\/01\/Veglia-Ecumenica-SPUC-2025_3.5-150x150.jpg\" class=\"attachment-thumbnail size-thumbnail\" alt=\"\" aria-describedby=\"gallery-1-736\" \/><\/a>\n\t\t\t<\/div>\n\t\t\t\t<figcaption class='wp-caption-text gallery-caption' id='gallery-1-736'>\n\t\t\t\tVeglia Ecumenica 2025\n\t\t\t\t<\/figcaption><\/figure><figure class='gallery-item'>\n\t\t\t<div class='gallery-icon landscape'>\n\t\t\t\t<a href='https:\/\/www.chiesadigenova.it\/ecumenismo\/wp-content\/uploads\/sites\/30\/2025\/01\/Veglia-Ecumenica-SPUC-2025_3.6-scaled.jpg' title=\"\" data-rl_title=\"\" class=\"rl-gallery-link\" data-rl_caption=\"\" data-rel=\"lightbox-gallery-1\"><img loading=\"lazy\" decoding=\"async\" width=\"150\" height=\"150\" src=\"https:\/\/www.chiesadigenova.it\/ecumenismo\/wp-content\/uploads\/sites\/30\/2025\/01\/Veglia-Ecumenica-SPUC-2025_3.6-150x150.jpg\" class=\"attachment-thumbnail size-thumbnail\" alt=\"\" aria-describedby=\"gallery-1-737\" \/><\/a>\n\t\t\t<\/div>\n\t\t\t\t<figcaption class='wp-caption-text gallery-caption' id='gallery-1-737'>\n\t\t\t\tVeglia Ecumenica 2025\n\t\t\t\t<\/figcaption><\/figure><figure class='gallery-item'>\n\t\t\t<div class='gallery-icon landscape'>\n\t\t\t\t<a href='https:\/\/www.chiesadigenova.it\/ecumenismo\/wp-content\/uploads\/sites\/30\/2025\/01\/Veglia-Ecumenica-SPUC-2025_3.7-scaled.jpg' title=\"\" data-rl_title=\"\" class=\"rl-gallery-link\" data-rl_caption=\"\" data-rel=\"lightbox-gallery-1\"><img loading=\"lazy\" decoding=\"async\" width=\"150\" height=\"150\" src=\"https:\/\/www.chiesadigenova.it\/ecumenismo\/wp-content\/uploads\/sites\/30\/2025\/01\/Veglia-Ecumenica-SPUC-2025_3.7-150x150.jpg\" class=\"attachment-thumbnail size-thumbnail\" alt=\"\" aria-describedby=\"gallery-1-738\" \/><\/a>\n\t\t\t<\/div>\n\t\t\t\t<figcaption class='wp-caption-text gallery-caption' id='gallery-1-738'>\n\t\t\t\tVeglia Ecumenica 2025\n\t\t\t\t<\/figcaption><\/figure>\n\t\t<\/div>\n\n","protected":false},"excerpt":{"rendered":"<p>A conclusione della Settimana di Preghiera per l&#8217;Unit\u00e0 dei Cristiani (SPUC) si \u00e8 tenuta venerd\u00ec 24 gennaio nella Cattedrale di San Lorenzo la consueta Veglia Ecumenica. Al centro il brano della risurrezione di Lazzaro secondo Giovanni declinato in tre modi differenti: in un&#8217;icona spiegata da Padre Filip Sorin della Chiesa Ortodossa Rumena di Genova, in [&hellip;]<\/p>\n","protected":false},"author":3,"featured_media":725,"comment_status":"open","ping_status":"open","sticky":false,"template":"","format":"standard","meta":{"_acf_changed":false,"footnotes":""},"categories":[3],"tags":[],"class_list":["post-724","post","type-post","status-publish","format-standard","has-post-thumbnail","hentry","category-notizie"],"acf":[],"_links":{"self":[{"href":"https:\/\/www.chiesadigenova.it\/ecumenismo\/wp-json\/wp\/v2\/posts\/724","targetHints":{"allow":["GET"]}}],"collection":[{"href":"https:\/\/www.chiesadigenova.it\/ecumenismo\/wp-json\/wp\/v2\/posts"}],"about":[{"href":"https:\/\/www.chiesadigenova.it\/ecumenismo\/wp-json\/wp\/v2\/types\/post"}],"author":[{"embeddable":true,"href":"https:\/\/www.chiesadigenova.it\/ecumenismo\/wp-json\/wp\/v2\/users\/3"}],"replies":[{"embeddable":true,"href":"https:\/\/www.chiesadigenova.it\/ecumenismo\/wp-json\/wp\/v2\/comments?post=724"}],"version-history":[{"count":1,"href":"https:\/\/www.chiesadigenova.it\/ecumenismo\/wp-json\/wp\/v2\/posts\/724\/revisions"}],"predecessor-version":[{"id":739,"href":"https:\/\/www.chiesadigenova.it\/ecumenismo\/wp-json\/wp\/v2\/posts\/724\/revisions\/739"}],"wp:featuredmedia":[{"embeddable":true,"href":"https:\/\/www.chiesadigenova.it\/ecumenismo\/wp-json\/wp\/v2\/media\/725"}],"wp:attachment":[{"href":"https:\/\/www.chiesadigenova.it\/ecumenismo\/wp-json\/wp\/v2\/media?parent=724"}],"wp:term":[{"taxonomy":"category","embeddable":true,"href":"https:\/\/www.chiesadigenova.it\/ecumenismo\/wp-json\/wp\/v2\/categories?post=724"},{"taxonomy":"post_tag","embeddable":true,"href":"https:\/\/www.chiesadigenova.it\/ecumenismo\/wp-json\/wp\/v2\/tags?post=724"}],"curies":[{"name":"wp","href":"https:\/\/api.w.org\/{rel}","templated":true}]}}