{"id":715,"date":"2025-01-21T07:31:44","date_gmt":"2025-01-21T06:31:44","guid":{"rendered":"https:\/\/www.chiesadigenova.it\/ecumenismo\/?p=715"},"modified":"2025-01-23T10:04:26","modified_gmt":"2025-01-23T09:04:26","slug":"si-e-svolto-martedi-21-gennaio-2025-lincontro-allannunziata-sul-tema-credi-tu-questo","status":"publish","type":"post","link":"https:\/\/www.chiesadigenova.it\/ecumenismo\/si-e-svolto-martedi-21-gennaio-2025-lincontro-allannunziata-sul-tema-credi-tu-questo\/","title":{"rendered":"Si \u00e8 svolto marted\u00ec 21 gennaio 2025 l&#8217;incontro all&#8217;Annunziata sul tema &#8220;Credi tu questo?&#8221;- IL VIDEO"},"content":{"rendered":"<p>Ospitati dalla Comunit\u00e0 di Sant\u2019Egidio nella Basilica dell\u2019Annunziata presso la \u201cSala Frate Sole\u201d, nel tardo pomeriggio di marted\u00ec 21 gennaio, si \u00e8 svolto un incontro di riflessione sul tema: \u201cCredi tu questo? Dal Concilio di Nicea a oggi\u201d.<\/p>\n<p>La cornice \u00e8 l\u2019inizio della Settimana di Preghiera per l\u2019Unit\u00e0 dei Cristiani (SPUC) 2025 ricordando i 1700 anni dalla formulazione del Credo Niceno. Due i relatori che hanno aiutato a sviluppare questo argomento: la Pastora Lidia Maggi e Mons. Franco Buzzi.<\/p>\n<p>La prima, con una spiegazione del brano biblico di riferimento della SPUC 2025 cio\u00e8 la risurrezione di Lazzaro; il secondo con una riflessione sul testo del Simbolo di Nicea. La Pastora Battista si \u00e8 soffermata sulle parole che, nel testo evangelico, Marta dice a Ges\u00f9. Essa confessa la sua fede nel Dio della vita in un momento di morte.<\/p>\n<p>La relatrice ha poi sottolineato che lo stesso Ges\u00f9 aiuta Marta a capire che egli \u00e8 il Dio della vita e in questo modo dona a noi oggi come degli anticorpi che ci servono per non usare la fede come marcatore di differenza. Questi sono innanzitutto capire che la risurrezione deve riguardare la nostra esistenza oggi. Secondariamente la consapevolezza che siamo in cammino e che di conseguenza facciamo sempre pi\u00f9 nostra la professione di fede.<\/p>\n<p>Infine ha rimarcato l\u2019importanza di intendere il dialogo come conseguenza del riconoscere che, grazie agli altri, si pu\u00f2 guardare la fede da prospettive differenti. Franco Buzzi, sacerdote di Milano e grande conoscitore di Lutero, si \u00e8 invece soffermato sul contenuto del Credo redatto a Nicea nel 325. Inizialmente ha analizzando l\u2019ambiente culturale e sociale in cui \u00e8 stato scritto per poi ricordare che il credo cristiano si pu\u00f2 considerare un \u201cdiscorso breve\u201d, come testimonia 1Cor 12,3. La professione di fede, invero, vuole stabilire la direzione giusta da seguire e in questo modo ha dato inizio alla teologia. Infatti, si crede per conoscere.<\/p>\n<p>Una tale confessione di fede deve diventare una confessione di vita. Per cui l\u2019affermazione di Ges\u00f9 in Gv 11,26: \u201cCredi tu questo?\u201d, si pu\u00f2 tradurre con: \u201cVivi questo?\u201d. L\u2019ex Prefetto della Biblioteca Ambrosiana ha terminato rimarcando che nel credo si professa la risurrezione della carne e che questa \u00e8 come il compendio totale di ogni speranza umana e motivo della creazione dell\u2019uomo. Il folto numero di convenuti ha apprezzato lo stile approfondito e il linguaggio preciso dei due relatori confermando la necessit\u00e0 di alcuni momenti di riflessione che diano occasione di pensare insieme la fede comune.<\/p>\n<p>&nbsp;<\/p>\n<p style=\"text-align: right;\"><strong>don Gabriele Bernagozzi<\/strong><\/p>\n<p style=\"text-align: right;\"><em>Delegato Diocesi di Genova<\/em><br \/>\n<em>per l\u2019Ecumenismo e Dialogo Interreligioso<\/em><\/p>\n<p>&nbsp;<\/p>\n<p><strong>IL VIDEO DELLA CONFERENZA<\/strong><\/p>\n<p><iframe loading=\"lazy\" title=\"Settimana di preghiera per l&#039;unita\u0300 dei cristiani - Credi tu questo?  21 gen 2025\" width=\"500\" height=\"281\" src=\"https:\/\/www.youtube.com\/embed\/dU1VOWX90Q4?feature=oembed\" frameborder=\"0\" allow=\"accelerometer; autoplay; clipboard-write; encrypted-media; gyroscope; picture-in-picture; web-share\" referrerpolicy=\"strict-origin-when-cross-origin\" allowfullscreen><\/iframe><\/p>\n","protected":false},"excerpt":{"rendered":"<p>Ospitati dalla Comunit\u00e0 di Sant\u2019Egidio nella Basilica dell\u2019Annunziata presso la \u201cSala Frate Sole\u201d, nel tardo pomeriggio di marted\u00ec 21 gennaio, si \u00e8 svolto un incontro di riflessione sul tema: \u201cCredi tu questo? Dal Concilio di Nicea a oggi\u201d. La cornice \u00e8 l\u2019inizio della Settimana di Preghiera per l\u2019Unit\u00e0 dei Cristiani (SPUC) 2025 ricordando i 1700 [&hellip;]<\/p>\n","protected":false},"author":3,"featured_media":716,"comment_status":"open","ping_status":"open","sticky":false,"template":"","format":"standard","meta":{"_acf_changed":false,"footnotes":""},"categories":[3],"tags":[],"class_list":["post-715","post","type-post","status-publish","format-standard","has-post-thumbnail","hentry","category-notizie"],"acf":[],"_links":{"self":[{"href":"https:\/\/www.chiesadigenova.it\/ecumenismo\/wp-json\/wp\/v2\/posts\/715","targetHints":{"allow":["GET"]}}],"collection":[{"href":"https:\/\/www.chiesadigenova.it\/ecumenismo\/wp-json\/wp\/v2\/posts"}],"about":[{"href":"https:\/\/www.chiesadigenova.it\/ecumenismo\/wp-json\/wp\/v2\/types\/post"}],"author":[{"embeddable":true,"href":"https:\/\/www.chiesadigenova.it\/ecumenismo\/wp-json\/wp\/v2\/users\/3"}],"replies":[{"embeddable":true,"href":"https:\/\/www.chiesadigenova.it\/ecumenismo\/wp-json\/wp\/v2\/comments?post=715"}],"version-history":[{"count":2,"href":"https:\/\/www.chiesadigenova.it\/ecumenismo\/wp-json\/wp\/v2\/posts\/715\/revisions"}],"predecessor-version":[{"id":718,"href":"https:\/\/www.chiesadigenova.it\/ecumenismo\/wp-json\/wp\/v2\/posts\/715\/revisions\/718"}],"wp:featuredmedia":[{"embeddable":true,"href":"https:\/\/www.chiesadigenova.it\/ecumenismo\/wp-json\/wp\/v2\/media\/716"}],"wp:attachment":[{"href":"https:\/\/www.chiesadigenova.it\/ecumenismo\/wp-json\/wp\/v2\/media?parent=715"}],"wp:term":[{"taxonomy":"category","embeddable":true,"href":"https:\/\/www.chiesadigenova.it\/ecumenismo\/wp-json\/wp\/v2\/categories?post=715"},{"taxonomy":"post_tag","embeddable":true,"href":"https:\/\/www.chiesadigenova.it\/ecumenismo\/wp-json\/wp\/v2\/tags?post=715"}],"curies":[{"name":"wp","href":"https:\/\/api.w.org\/{rel}","templated":true}]}}