{"id":708,"date":"2025-01-17T10:14:57","date_gmt":"2025-01-17T09:14:57","guid":{"rendered":"https:\/\/www.chiesadigenova.it\/ecumenismo\/?p=708"},"modified":"2025-01-17T10:14:57","modified_gmt":"2025-01-17T09:14:57","slug":"giovedi-16-gennaio-2025-a-genova-e-stata-celebrata-la-giornata-dellamicizia-ebraico-cristiana","status":"publish","type":"post","link":"https:\/\/www.chiesadigenova.it\/ecumenismo\/giovedi-16-gennaio-2025-a-genova-e-stata-celebrata-la-giornata-dellamicizia-ebraico-cristiana\/","title":{"rendered":"Gioved\u00ec 16 gennaio 2025 a Genova \u00e8 stata celebrata la giornata dell\u2019amicizia ebraico-cristiana"},"content":{"rendered":"<p>Per la giornata dell\u2019amicizia ebraico-cristiana 2025 \u00e8 stata la comunit\u00e0 ebraica di Genova ad accogliere un nutrito numero di persone che nel tardo pomeriggio di gioved\u00ec 16 gennaio si sono trovate presso la Sinagoga di Via Bertora. Dopo la presentazione dell\u2019incontro fatta dalla Pastora luterana Jutta Sperber, \u00e8 stato il Rabbino Capo di Genova Giuseppe Momigliano a svolgere, partendo dal brano scritturistico di Levitico 25, il tema del \u201cgiubileo\u201d. Questo termine deriva dalla parola \u201cjobel\u201d che \u00e8 un altro modo per indicare lo \u201cshofar\u201d cio\u00e8 il corno d\u2019ariete che veniva suonato per il capodanno ebraico e nel giorno del kippur. Proprio in questa particolare giornata di purificazione, ogni 50 anni, iniziava un anno di giubileo. Molti sono i significati di questo tempo: purificazione morale, ristabilimento delle giustizia sociale, remissione dei debiti, prova di fede nelle provvidenza divina, consapevolezza che tutto appartiene al Signore. Non era, quindi, semplicemente un periodo in cui terminava la schiavit\u00f9 e le terre venivano restituite al primo proprietario ma un tempo di conversione per ritornare a Dio e rendersi conto che non tutto dipende dal lavoro dell\u2019uomo e che la libert\u00e0 consiste nel vivere alla presenza di Dio. Dopo alcune domande e i saluti finali \u00e8 terminato l&#8217;incontro che ha lasciato, ancora una volta, ai partecipanti la consapevolezza del legame fondamentale che c&#8217;\u00e8 tra l&#8217;ebraismo e il cristianesimo.<\/p>\n<p>&nbsp;<\/p>\n<p style=\"text-align: right;\"><strong>don Gabriele Bernagozzi<\/strong><\/p>\n<p style=\"text-align: right;\"><em>Delegato Diocesi di Genova<br \/>\nper l\u2019Ecumenismo e Dialogo Interreligioso<\/em><\/p>\n","protected":false},"excerpt":{"rendered":"<p>Per la giornata dell\u2019amicizia ebraico-cristiana 2025 \u00e8 stata la comunit\u00e0 ebraica di Genova ad accogliere un nutrito numero di persone che nel tardo pomeriggio di gioved\u00ec 16 gennaio si sono trovate presso la Sinagoga di Via Bertora. Dopo la presentazione dell\u2019incontro fatta dalla Pastora luterana Jutta Sperber, \u00e8 stato il Rabbino Capo di Genova Giuseppe [&hellip;]<\/p>\n","protected":false},"author":3,"featured_media":709,"comment_status":"open","ping_status":"open","sticky":false,"template":"","format":"standard","meta":{"_acf_changed":false,"footnotes":""},"categories":[3],"tags":[],"class_list":["post-708","post","type-post","status-publish","format-standard","has-post-thumbnail","hentry","category-notizie"],"acf":[],"_links":{"self":[{"href":"https:\/\/www.chiesadigenova.it\/ecumenismo\/wp-json\/wp\/v2\/posts\/708","targetHints":{"allow":["GET"]}}],"collection":[{"href":"https:\/\/www.chiesadigenova.it\/ecumenismo\/wp-json\/wp\/v2\/posts"}],"about":[{"href":"https:\/\/www.chiesadigenova.it\/ecumenismo\/wp-json\/wp\/v2\/types\/post"}],"author":[{"embeddable":true,"href":"https:\/\/www.chiesadigenova.it\/ecumenismo\/wp-json\/wp\/v2\/users\/3"}],"replies":[{"embeddable":true,"href":"https:\/\/www.chiesadigenova.it\/ecumenismo\/wp-json\/wp\/v2\/comments?post=708"}],"version-history":[{"count":1,"href":"https:\/\/www.chiesadigenova.it\/ecumenismo\/wp-json\/wp\/v2\/posts\/708\/revisions"}],"predecessor-version":[{"id":710,"href":"https:\/\/www.chiesadigenova.it\/ecumenismo\/wp-json\/wp\/v2\/posts\/708\/revisions\/710"}],"wp:featuredmedia":[{"embeddable":true,"href":"https:\/\/www.chiesadigenova.it\/ecumenismo\/wp-json\/wp\/v2\/media\/709"}],"wp:attachment":[{"href":"https:\/\/www.chiesadigenova.it\/ecumenismo\/wp-json\/wp\/v2\/media?parent=708"}],"wp:term":[{"taxonomy":"category","embeddable":true,"href":"https:\/\/www.chiesadigenova.it\/ecumenismo\/wp-json\/wp\/v2\/categories?post=708"},{"taxonomy":"post_tag","embeddable":true,"href":"https:\/\/www.chiesadigenova.it\/ecumenismo\/wp-json\/wp\/v2\/tags?post=708"}],"curies":[{"name":"wp","href":"https:\/\/api.w.org\/{rel}","templated":true}]}}