{"id":684,"date":"2024-11-28T14:11:33","date_gmt":"2024-11-28T13:11:33","guid":{"rendered":"https:\/\/www.chiesadigenova.it\/ecumenismo\/?p=684"},"modified":"2024-12-03T10:28:08","modified_gmt":"2024-12-03T09:28:08","slug":"il-dialogo-interreligioso-come-strumento-di-pace-alla-giornata-per-luniversita-i-testi-per-la-riflessione","status":"publish","type":"post","link":"https:\/\/www.chiesadigenova.it\/ecumenismo\/il-dialogo-interreligioso-come-strumento-di-pace-alla-giornata-per-luniversita-i-testi-per-la-riflessione\/","title":{"rendered":"Il dialogo interreligioso come strumento di pace alla Giornata per l&#8217;Universit\u00e0 &#8211; I TESTI PER LA RIFLESSIONE E IL VIDEO"},"content":{"rendered":"<p>Si \u00e8 svolta <strong>mercoled\u00ec 27 novembre 2024 la Giornata diocesana per l\u2019Universit\u00e0<\/strong> sul tema \u201cIl Dialogo Interreligioso come strumento di pace\u201d.<\/p>\n<p>All&#8217;incontro sono intervenuti Mauro Spotorno e Daniela Tarantino, Presidenti dell\u2019Osservatorio sui fenomeni religiosi e migratori; Don Francesco Di Comite, Professore di Dialogo interreligioso e Teologia delle religioni all\u2019Istituto di Scienze Religiose Ligure; Don Gabriele Bernagozzi, Coordinatore dell\u2019Ufficio per l\u2019ecumenismo e il dialogo interreligioso. Le conclusioni sono state affidate al Rettore dell\u2019Universit\u00e0 e all\u2019Arcivescovo.<\/p>\n<p>Don Bernagozzi ha portato all&#8217;attenzione dell&#8217;assemblea alcuni <strong>testi per la riflessione, qui in allegato.<\/strong><\/p>\n<p><strong>Il video integrale del Convegno<\/strong><\/p>\n<p><iframe loading=\"lazy\" title=\"Convegno Dialogo interreligioso ponte per la pace nell&#039; Europa di domani\" width=\"500\" height=\"281\" src=\"https:\/\/www.youtube.com\/embed\/hUSpvpI2LX8?feature=oembed\" frameborder=\"0\" allow=\"accelerometer; autoplay; clipboard-write; encrypted-media; gyroscope; picture-in-picture; web-share\" referrerpolicy=\"strict-origin-when-cross-origin\" allowfullscreen><\/iframe><\/p>\n","protected":false},"excerpt":{"rendered":"<p>Si \u00e8 svolta mercoled\u00ec 27 novembre 2024 la Giornata diocesana per l\u2019Universit\u00e0 sul tema \u201cIl Dialogo Interreligioso come strumento di pace\u201d. All&#8217;incontro sono intervenuti Mauro Spotorno e Daniela Tarantino, Presidenti dell\u2019Osservatorio sui fenomeni religiosi e migratori; Don Francesco Di Comite, Professore di Dialogo interreligioso e Teologia delle religioni all\u2019Istituto di Scienze Religiose Ligure; Don Gabriele [&hellip;]<\/p>\n","protected":false},"author":3,"featured_media":687,"comment_status":"open","ping_status":"open","sticky":false,"template":"","format":"standard","meta":{"_acf_changed":false,"footnotes":""},"categories":[3],"tags":[],"class_list":["post-684","post","type-post","status-publish","format-standard","has-post-thumbnail","hentry","category-notizie"],"acf":[],"_links":{"self":[{"href":"https:\/\/www.chiesadigenova.it\/ecumenismo\/wp-json\/wp\/v2\/posts\/684","targetHints":{"allow":["GET"]}}],"collection":[{"href":"https:\/\/www.chiesadigenova.it\/ecumenismo\/wp-json\/wp\/v2\/posts"}],"about":[{"href":"https:\/\/www.chiesadigenova.it\/ecumenismo\/wp-json\/wp\/v2\/types\/post"}],"author":[{"embeddable":true,"href":"https:\/\/www.chiesadigenova.it\/ecumenismo\/wp-json\/wp\/v2\/users\/3"}],"replies":[{"embeddable":true,"href":"https:\/\/www.chiesadigenova.it\/ecumenismo\/wp-json\/wp\/v2\/comments?post=684"}],"version-history":[{"count":3,"href":"https:\/\/www.chiesadigenova.it\/ecumenismo\/wp-json\/wp\/v2\/posts\/684\/revisions"}],"predecessor-version":[{"id":689,"href":"https:\/\/www.chiesadigenova.it\/ecumenismo\/wp-json\/wp\/v2\/posts\/684\/revisions\/689"}],"wp:featuredmedia":[{"embeddable":true,"href":"https:\/\/www.chiesadigenova.it\/ecumenismo\/wp-json\/wp\/v2\/media\/687"}],"wp:attachment":[{"href":"https:\/\/www.chiesadigenova.it\/ecumenismo\/wp-json\/wp\/v2\/media?parent=684"}],"wp:term":[{"taxonomy":"category","embeddable":true,"href":"https:\/\/www.chiesadigenova.it\/ecumenismo\/wp-json\/wp\/v2\/categories?post=684"},{"taxonomy":"post_tag","embeddable":true,"href":"https:\/\/www.chiesadigenova.it\/ecumenismo\/wp-json\/wp\/v2\/tags?post=684"}],"curies":[{"name":"wp","href":"https:\/\/api.w.org\/{rel}","templated":true}]}}