{"id":681,"date":"2024-11-26T12:30:51","date_gmt":"2024-11-26T11:30:51","guid":{"rendered":"https:\/\/www.chiesadigenova.it\/ecumenismo\/?p=681"},"modified":"2024-11-26T12:30:51","modified_gmt":"2024-11-26T11:30:51","slug":"come-essere-chiesa-dia-logica-a-trieste-il-convegno-dellufficio-nazionale-ecumenismo-e-dialogo-interreligioso-della-cei","status":"publish","type":"post","link":"https:\/\/www.chiesadigenova.it\/ecumenismo\/come-essere-chiesa-dia-logica-a-trieste-il-convegno-dellufficio-nazionale-ecumenismo-e-dialogo-interreligioso-della-cei\/","title":{"rendered":"\u201cCome essere Chiesa dia-logica\u201d. A Trieste il Convegno dell\u2019Ufficio Nazionale Ecumenismo e Dialogo Interreligioso della CEI"},"content":{"rendered":"<p>Il tema del convegno 2024 dell\u2019Ufficio Nazionale Ecumenismo e Dialogo Interreligioso (UNEDI) della CEI \u00e8 stato: \u201cCome essere Chiesa dia-logica\u201d. Tanti gli spunti, le riflessioni e i momenti di preghiera che, nella cornice della bella Trieste, hanno coinvolto i delegati diocesani e i rappresentanti nazionali delle Realt\u00e0 di impegno sociale dal 22 al 24 novembre. Come un filo rosso una domanda \u00e8 stata presente nei giorni del convegno: \u201cQuanto coraggio serve per dialogare?\u201d. Una domanda declinata in vario modo: il coraggio di dialogare a partire dalla consapevolezza che nessuno si salva da solo, il coraggio di darsi del tempo per dialogare, il coraggio di dialogare non per uniformarsi. Un dialogo che, d\u2019altronde, \u00e8 necessit\u00e0 legata alla natura relazionale dell\u2019uomo. Le sfide che il dialogo lancia sono tante e variegate, si sente in questi nostri tempi il desiderio di un dialogo franco che abbia come motivo non solo comunicare ma annunciare il Vangelo. Sono, infatti, Cristo e l\u2019annuncio della sua morte e risurrezione la motivazione ultima del dialogo ecumenico e interreligioso. In questo modo il dialogo diviene l\u2019antidoto al conflitto che sembra essere diventato l\u2019unico modo per affrontare le crisi, tanto che alcune volte sembra che la credibilit\u00e0 sia legata al fatto che si abbia qualcuno da combattere. Il dialogo, poi, aiuta a non gestire i problemi come se fossero perenni emergenze perch\u00e9 invita a trovare una via comune concreta da perseguire. Infine, il dialogo rende cosciente l\u2019uomo che vive in una sostanziale interdipendenza con gli altri uomini, cio\u00e8 &#8211; in altre parole &#8211; che \u00e8 chiamato a costruire legami. Questa parola \u00e8 diventata desueta come se facesse paura, come se oggi gli esseri umani pensassero che non hanno bisogno di nessuno nella vita. Invece, il suo valore \u00e8 da scoprire. Sono i legami sani, fondati sul dialogo, che ci sostengono. Il primo legame indissolubile \u00e8 quello con Dio, legame che \u00e8 tanto invisibile quanto indispensabile. Nel rapporto con Dio scopriamo chi siamo, qual \u00e8 la nostra grande vocazione e come devono essere le relazioni con i fratelli e le sorelle cristiani e di altre religioni.<\/p>\n<p>&nbsp;<\/p>\n<p style=\"text-align: right;\"><strong>don Gabriele Bernagozzi<br \/>\n<\/strong><em>Delegato Diocesi di Genova per l\u2019Ecumenismo e Dialogo Interreligioso<\/em><\/p>\n<p>&nbsp;<\/p>\n","protected":false},"excerpt":{"rendered":"<p>Il tema del convegno 2024 dell\u2019Ufficio Nazionale Ecumenismo e Dialogo Interreligioso (UNEDI) della CEI \u00e8 stato: \u201cCome essere Chiesa dia-logica\u201d. Tanti gli spunti, le riflessioni e i momenti di preghiera che, nella cornice della bella Trieste, hanno coinvolto i delegati diocesani e i rappresentanti nazionali delle Realt\u00e0 di impegno sociale dal 22 al 24 novembre. [&hellip;]<\/p>\n","protected":false},"author":3,"featured_media":682,"comment_status":"open","ping_status":"open","sticky":false,"template":"","format":"standard","meta":{"_acf_changed":false,"footnotes":""},"categories":[3],"tags":[],"class_list":["post-681","post","type-post","status-publish","format-standard","has-post-thumbnail","hentry","category-notizie"],"acf":[],"_links":{"self":[{"href":"https:\/\/www.chiesadigenova.it\/ecumenismo\/wp-json\/wp\/v2\/posts\/681","targetHints":{"allow":["GET"]}}],"collection":[{"href":"https:\/\/www.chiesadigenova.it\/ecumenismo\/wp-json\/wp\/v2\/posts"}],"about":[{"href":"https:\/\/www.chiesadigenova.it\/ecumenismo\/wp-json\/wp\/v2\/types\/post"}],"author":[{"embeddable":true,"href":"https:\/\/www.chiesadigenova.it\/ecumenismo\/wp-json\/wp\/v2\/users\/3"}],"replies":[{"embeddable":true,"href":"https:\/\/www.chiesadigenova.it\/ecumenismo\/wp-json\/wp\/v2\/comments?post=681"}],"version-history":[{"count":1,"href":"https:\/\/www.chiesadigenova.it\/ecumenismo\/wp-json\/wp\/v2\/posts\/681\/revisions"}],"predecessor-version":[{"id":683,"href":"https:\/\/www.chiesadigenova.it\/ecumenismo\/wp-json\/wp\/v2\/posts\/681\/revisions\/683"}],"wp:featuredmedia":[{"embeddable":true,"href":"https:\/\/www.chiesadigenova.it\/ecumenismo\/wp-json\/wp\/v2\/media\/682"}],"wp:attachment":[{"href":"https:\/\/www.chiesadigenova.it\/ecumenismo\/wp-json\/wp\/v2\/media?parent=681"}],"wp:term":[{"taxonomy":"category","embeddable":true,"href":"https:\/\/www.chiesadigenova.it\/ecumenismo\/wp-json\/wp\/v2\/categories?post=681"},{"taxonomy":"post_tag","embeddable":true,"href":"https:\/\/www.chiesadigenova.it\/ecumenismo\/wp-json\/wp\/v2\/tags?post=681"}],"curies":[{"name":"wp","href":"https:\/\/api.w.org\/{rel}","templated":true}]}}