{"id":647,"date":"2024-08-26T15:54:46","date_gmt":"2024-08-26T13:54:46","guid":{"rendered":"https:\/\/www.chiesadigenova.it\/ecumenismo\/?p=647"},"modified":"2024-08-26T15:54:46","modified_gmt":"2024-08-26T13:54:46","slug":"una-terra-da-abitare-e-custodire-svolta-al-monastero-di-camaldoli-la-60esima-sessione-sae","status":"publish","type":"post","link":"https:\/\/www.chiesadigenova.it\/ecumenismo\/una-terra-da-abitare-e-custodire-svolta-al-monastero-di-camaldoli-la-60esima-sessione-sae\/","title":{"rendered":"&#8220;Una Terra da abitare e custodire&#8221;. Svolta al Monastero di Camaldoli la 60esima sessione SAE"},"content":{"rendered":"<p>Dal 28 luglio al 3 agosto, presso il Monastero di Camaldoli, si \u00e8 tenuta la <strong>60esima sessione di formazione ecumenica promossa dal Segretariato Attivit\u00e0 Ecumeniche (SAE)<\/strong>. Il SAE \u00e8 una associazione interconfessionale di laici e laiche che tratta e approfondisce i temi dell\u2019ecumenismo e del dialogo a partire dal rapporto ebraico-cristiano. Quest\u2019anno il tema \u00e8 stato: \u201cUna Terra da abitare e custodire\u201d. Tanti i relatori di levatura che hanno aiutato i partecipanti a esaminare con profondit\u00e0, in chiave interconfessionale, il complesso tema della custodia del creato proposto alla riflessione di tutti con forza gi\u00e0 nel 2015 da Papa Francesco con l\u2019enciclica Laudato Si\u2019 e ultimamente con l\u2019esortazione apostolica Laudate Deum. <strong>Oltre ad alcuni appartenenti al SAE della sezione di Genova erano presenti alla sessione il delegato diocesano per l\u2019ecumenismo e il dialogo interreligioso, don Gabriele Bernagozzi.<\/strong><\/p>\n<p>Di seguito alcune considerazioni:<\/p>\n<p>Tra tutte le suggestioni che, nelle relazioni e i laboratori, sono state proposte mi porto a casa un\u2019intuizione che ho ritrovato: quella che considera l\u2019uomo come \u201csacerdote del creato\u201d. Con queste parole si indica l\u2019essere umano come colui che ha ricevuto dal Creatore il compito di riportare a Dio il creato, in particolare nella celebrazione liturgica. Cos\u00ec nell\u2019offerta dell\u2019uomo al Padre in Cristo, nella potenza dello Spirito, tutto si realizza. Mi sembra che in questo modo non ci si limiti a indicare quale sia il posto dell\u2019uomo o il fatto che vi \u00e8 un\u2019interdipendenza tra tutto ci\u00f2 che compone il creato \u2013 e quindi anche l\u2019uomo \u2013, ma si individui anche il compito dell\u2019essere umano che per le mani del sacerdote che presiede, durante la celebrazione dell\u2019Eucaristia offre la sua vita e tutto il ci\u00f2 che \u00e8 stato creato a Dio. Tale prospettiva \u00e8 importante perch\u00e9 sana la radice del problema ecologico e cio\u00e8 la crisi spirituale ed esistenziale che ha investito l\u2019essere umano.<\/p>\n<p style=\"text-align: right;\">\n","protected":false},"excerpt":{"rendered":"<p>Dal 28 luglio al 3 agosto, presso il Monastero di Camaldoli, si \u00e8 tenuta la 60esima sessione di formazione ecumenica promossa dal Segretariato Attivit\u00e0 Ecumeniche (SAE). Il SAE \u00e8 una associazione interconfessionale di laici e laiche che tratta e approfondisce i temi dell\u2019ecumenismo e del dialogo a partire dal rapporto ebraico-cristiano. Quest\u2019anno il tema \u00e8 [&hellip;]<\/p>\n","protected":false},"author":3,"featured_media":648,"comment_status":"closed","ping_status":"closed","sticky":false,"template":"","format":"standard","meta":{"_acf_changed":false,"footnotes":""},"categories":[3],"tags":[],"class_list":["post-647","post","type-post","status-publish","format-standard","has-post-thumbnail","hentry","category-notizie"],"acf":[],"_links":{"self":[{"href":"https:\/\/www.chiesadigenova.it\/ecumenismo\/wp-json\/wp\/v2\/posts\/647","targetHints":{"allow":["GET"]}}],"collection":[{"href":"https:\/\/www.chiesadigenova.it\/ecumenismo\/wp-json\/wp\/v2\/posts"}],"about":[{"href":"https:\/\/www.chiesadigenova.it\/ecumenismo\/wp-json\/wp\/v2\/types\/post"}],"author":[{"embeddable":true,"href":"https:\/\/www.chiesadigenova.it\/ecumenismo\/wp-json\/wp\/v2\/users\/3"}],"replies":[{"embeddable":true,"href":"https:\/\/www.chiesadigenova.it\/ecumenismo\/wp-json\/wp\/v2\/comments?post=647"}],"version-history":[{"count":1,"href":"https:\/\/www.chiesadigenova.it\/ecumenismo\/wp-json\/wp\/v2\/posts\/647\/revisions"}],"predecessor-version":[{"id":649,"href":"https:\/\/www.chiesadigenova.it\/ecumenismo\/wp-json\/wp\/v2\/posts\/647\/revisions\/649"}],"wp:featuredmedia":[{"embeddable":true,"href":"https:\/\/www.chiesadigenova.it\/ecumenismo\/wp-json\/wp\/v2\/media\/648"}],"wp:attachment":[{"href":"https:\/\/www.chiesadigenova.it\/ecumenismo\/wp-json\/wp\/v2\/media?parent=647"}],"wp:term":[{"taxonomy":"category","embeddable":true,"href":"https:\/\/www.chiesadigenova.it\/ecumenismo\/wp-json\/wp\/v2\/categories?post=647"},{"taxonomy":"post_tag","embeddable":true,"href":"https:\/\/www.chiesadigenova.it\/ecumenismo\/wp-json\/wp\/v2\/tags?post=647"}],"curies":[{"name":"wp","href":"https:\/\/api.w.org\/{rel}","templated":true}]}}